{"id":5273,"date":"2023-09-07T14:11:03","date_gmt":"2023-09-07T12:11:03","guid":{"rendered":"https:\/\/bsicos-dev.i3a.es\/?p=5273"},"modified":"2025-11-06T11:20:47","modified_gmt":"2025-11-06T09:20:47","slug":"pablo-armanac-julian","status":"publish","type":"post","link":"https:\/\/bsicos.i3a.es\/es\/pablo-armanac-julian\/","title":{"rendered":"Pablo Arma\u00f1ac Juli\u00e1n"},"content":{"rendered":"<div id=\"pl-gb5273-69ee5de43466d\"  class=\"panel-layout wp-block-siteorigin-panels-layout-block\" ><div id=\"pg-gb5273-69ee5de43466d-0\"  class=\"panel-grid panel-has-style\" ><div class=\"siteorigin-panels-stretch panel-row-style panel-row-style-for-gb5273-69ee5de43466d-0\" data-stretch-type=\"full-width-stretch\" ><div id=\"pgc-gb5273-69ee5de43466d-0-0\"  class=\"panel-grid-cell\" ><div id=\"panel-gb5273-69ee5de43466d-0-0-0\" class=\"so-panel widget widget_sow-hero panel-first-child panel-last-child\" data-index=\"0\" ><div\n\t\t\t\n\t\t\tclass=\"so-widget-sow-hero so-widget-sow-hero-default-93415d0e2dbf-5273 so-widget-fittext-wrapper\"\n\t\t\t data-fit-text-compressor=\"0.85\"\n\t\t>\t\t\t\t<div class=\"sow-slider-base\" style=\"display: none\" tabindex=\"0\">\n\t\t\t\t\t<ul\n\t\t\t\t\tclass=\"sow-slider-images\"\n\t\t\t\t\tdata-settings=\"{&quot;pagination&quot;:true,&quot;speed&quot;:800,&quot;timeout&quot;:8000,&quot;paused&quot;:false,&quot;pause_on_hover&quot;:false,&quot;swipe&quot;:true,&quot;nav_always_show_desktop&quot;:&quot;&quot;,&quot;nav_always_show_mobile&quot;:&quot;&quot;,&quot;breakpoint&quot;:&quot;780px&quot;,&quot;unmute&quot;:false,&quot;anchor&quot;:null}\"\n\t\t\t\t\t\t\t\t\t\tdata-anchor-id=\"\"\n\t\t\t\t>\t\t<li class=\"sow-slider-image\" style=\"visibility: visible;;background-color: #1e73be\" >\n\t\t\t\t\t<div class=\"sow-slider-image-container\">\n\t\t\t<div class=\"sow-slider-image-wrapper\">\n\t\t\t\t<h3 style=\"text-align: center\"><a href=\"..\/team\/\">Team<\/a><\/h3>\n<h1 style=\"text-align: center\"><strong>Pablo Arma\u00f1ac Juli\u00e1n<\/strong><\/h1>\t\t\t<\/div>\n\t\t<\/div>\n\t\t\t\t<\/li>\n\t\t<\/ul>\t\t\t\t<ol class=\"sow-slider-pagination\">\n\t\t\t\t\t\t\t\t\t\t\t<li><a href=\"#\" data-goto=\"0\" aria-label=\"mostrar diapositiva 1\"><\/a><\/li>\n\t\t\t\t\t\t\t\t\t<\/ol>\n\n\t\t\t\t<div class=\"sow-slide-nav sow-slide-nav-next\">\n\t\t\t\t\t<a href=\"#\" data-goto=\"next\" aria-label=\"diapositiva siguiente\" data-action=\"next\">\n\t\t\t\t\t\t<em class=\"sow-sld-icon-thin-right\"><\/em>\n\t\t\t\t\t<\/a>\n\t\t\t\t<\/div>\n\n\t\t\t\t<div class=\"sow-slide-nav sow-slide-nav-prev\">\n\t\t\t\t\t<a href=\"#\" data-goto=\"previous\" aria-label=\"diapositiva anterior\" data-action=\"prev\">\n\t\t\t\t\t\t<em class=\"sow-sld-icon-thin-left\"><\/em>\n\t\t\t\t\t<\/a>\n\t\t\t\t<\/div>\n\t\t\t\t<\/div><\/div><\/div><\/div><\/div><\/div><\/div>\n\n<div id=\"pl-gb5273-69ee5de435080\"  class=\"panel-layout wp-block-siteorigin-panels-layout-block\" ><div id=\"pg-gb5273-69ee5de435080-0\"  class=\"panel-grid panel-no-style\" ><div id=\"pgc-gb5273-69ee5de435080-0-0\"  class=\"panel-grid-cell\" ><div id=\"panel-gb5273-69ee5de435080-0-0-0\" class=\"so-panel widget widget_sow-image panel-first-child\" data-index=\"0\" ><div\n\t\t\t\n\t\t\tclass=\"so-widget-sow-image so-widget-sow-image-default-8b5b6f678277-5273\"\n\t\t\t\n\t\t>\n<div class=\"sow-image-container\">\n\t\t<img \n\tsrc=\"https:\/\/bsicos.i3a.es\/wp-content\/uploads\/2020\/09\/Pablo-Armanac-WEB.jpg\" width=\"215\" height=\"215\" srcset=\"https:\/\/bsicos.i3a.es\/wp-content\/uploads\/2020\/09\/Pablo-Armanac-WEB.jpg 215w, https:\/\/bsicos.i3a.es\/wp-content\/uploads\/2020\/09\/Pablo-Armanac-WEB-150x150.jpg 150w, https:\/\/bsicos.i3a.es\/wp-content\/uploads\/2020\/09\/Pablo-Armanac-WEB-12x12.jpg 12w\" sizes=\"(max-width: 215px) 100vw, 215px\" alt=\"\" \t\tclass=\"so-widget-image\"\/>\n\t<\/div>\n\n<\/div><\/div><div id=\"panel-gb5273-69ee5de435080-0-0-1\" class=\"so-panel widget widget_sow-image-grid panel-last-child\" data-index=\"1\" ><div class=\"oculto panel-widget-style panel-widget-style-for-gb5273-69ee5de435080-0-0-1\" ><div\n\t\t\t\n\t\t\tclass=\"so-widget-sow-image-grid so-widget-sow-image-grid-default-5ff4073610f5-5273\"\n\t\t\t\n\t\t>\t<div\n\t\tclass=\"sow-image-grid-wrapper\"\n\t\t\t\t\t>\n\t\t\t\t\t<div class=\"sow-image-grid-image\">\n\t\t\t\t\t\t\t\t\t\t\t\t\t<a href=\"#\"\n\t\t\t\t\t\t\t\t\t\t\t\t\t\t\t\t\t\ttarget=\"_blank\" \t\t\t\t\t\t\t\t\t\t\t\t\t\t\t\t\t\t\t\t\t\t\t\trel=\"noopener noreferrer\" \t\t\t\t\t\t\t\t\t\t\t>\n\t\t\t\t\t\t\t\t<img loading=\"lazy\" decoding=\"async\" width=\"37\" height=\"37\" src=\"https:\/\/bsicos.i3a.es\/wp-content\/uploads\/2020\/10\/website.png\" class=\"sow-image-grid-image_html\" alt=\"\" title=\"\" srcset=\"https:\/\/bsicos.i3a.es\/wp-content\/uploads\/2020\/10\/website.png 37w, https:\/\/bsicos.i3a.es\/wp-content\/uploads\/2020\/10\/website-12x12.png 12w\" sizes=\"auto, (max-width: 37px) 100vw, 37px\" \/>\t\t\t\t\t\t\t\t\t<\/a>\n\t\t\t\t\t\t\t\t\t\t\t<\/div>\n\t\t\t\t\t<div class=\"sow-image-grid-image\">\n\t\t\t\t\t\t\t\t\t\t\t\t\t<a href=\"#\"\n\t\t\t\t\t\t\t\t\t\t\t\t\t\t\t\t\t\ttarget=\"_blank\" \t\t\t\t\t\t\t\t\t\t\t\t\t\t\t\t\t\t\t\t\t\t\t\trel=\"noopener noreferrer\" \t\t\t\t\t\t\t\t\t\t\t>\n\t\t\t\t\t\t\t\t<img loading=\"lazy\" decoding=\"async\" width=\"37\" height=\"37\" src=\"https:\/\/bsicos.i3a.es\/wp-content\/uploads\/2020\/10\/google-scholar.png\" class=\"sow-image-grid-image_html\" alt=\"\" title=\"\" srcset=\"https:\/\/bsicos.i3a.es\/wp-content\/uploads\/2020\/10\/google-scholar.png 37w, https:\/\/bsicos.i3a.es\/wp-content\/uploads\/2020\/10\/google-scholar-12x12.png 12w\" sizes=\"auto, (max-width: 37px) 100vw, 37px\" \/>\t\t\t\t\t\t\t\t\t<\/a>\n\t\t\t\t\t\t\t\t\t\t\t<\/div>\n\t\t\t\t\t<div class=\"sow-image-grid-image\">\n\t\t\t\t\t\t\t\t\t\t\t\t\t<a href=\"#\"\n\t\t\t\t\t\t\t\t\t\t\t\t\t\t\t\t\t\ttarget=\"_blank\" \t\t\t\t\t\t\t\t\t\t\t\t\t\t\t\t\t\t\t\t\t\t\t\trel=\"noopener noreferrer\" \t\t\t\t\t\t\t\t\t\t\t>\n\t\t\t\t\t\t\t\t<img loading=\"lazy\" decoding=\"async\" width=\"37\" height=\"37\" src=\"https:\/\/bsicos.i3a.es\/wp-content\/uploads\/2020\/10\/linkedin.png\" class=\"sow-image-grid-image_html\" alt=\"\" title=\"\" srcset=\"https:\/\/bsicos.i3a.es\/wp-content\/uploads\/2020\/10\/linkedin.png 37w, https:\/\/bsicos.i3a.es\/wp-content\/uploads\/2020\/10\/linkedin-12x12.png 12w\" sizes=\"auto, (max-width: 37px) 100vw, 37px\" \/>\t\t\t\t\t\t\t\t\t<\/a>\n\t\t\t\t\t\t\t\t\t\t\t<\/div>\n\t\t\t<\/div>\n<\/div><\/div><\/div><\/div><div id=\"pgc-gb5273-69ee5de435080-0-1\"  class=\"panel-grid-cell\" ><div id=\"panel-gb5273-69ee5de435080-0-1-0\" class=\"so-panel widget widget_sow-editor panel-first-child panel-last-child\" data-index=\"2\" ><div\n\t\t\t\n\t\t\tclass=\"so-widget-sow-editor so-widget-sow-editor-base\"\n\t\t\t\n\t\t>\n<div class=\"siteorigin-widget-tinymce textwidget\">\n\t<blockquote><p>Postdoc Member<\/p>\n<p><strong>Call:<\/strong> +34 976 762704<\/p>\n<p><strong>Email:<\/strong> parmanac@unizar.es<\/p>\n<p><strong>Address:<\/strong> C\/ Mar\u00eda de Luna 1, Edificio Ada Byron, Lab. 3.07-50018 Zaragoza (Spain)<\/p><\/blockquote>\n<\/div>\n<\/div><\/div><\/div><\/div><\/div>\n\n<div id=\"pl-gb5273-69ee5de436b5e\"  class=\"panel-layout wp-block-siteorigin-panels-layout-block\" ><div id=\"pg-gb5273-69ee5de436b5e-0\"  class=\"panel-grid panel-has-style\" ><div class=\"panel-row-style panel-row-style-for-gb5273-69ee5de436b5e-0\" ><div id=\"pgc-gb5273-69ee5de436b5e-0-0\"  class=\"panel-grid-cell\" ><div id=\"panel-gb5273-69ee5de436b5e-0-0-0\" class=\"so-panel widget widget_sow-headline panel-first-child\" data-index=\"0\" ><div\n\t\t\t\n\t\t\tclass=\"so-widget-sow-headline so-widget-sow-headline-default-244eb6bef45a-5273\"\n\t\t\t\n\t\t><div class=\"sow-headline-container \">\n\t\t\t\t\t\t\t<h5 class=\"sow-headline\">\n\t\t\t\t\t\tABOUT ME\t\t\t\t\t\t<\/h5>\n\t\t\t\t\t\t\t\t\t\t\t<div class=\"decoration\">\n\t\t\t\t\t\t<div class=\"decoration-inside\"><\/div>\n\t\t\t\t\t<\/div>\n\t\t\t\t\t<\/div>\n<\/div><\/div><div id=\"panel-gb5273-69ee5de436b5e-0-0-1\" class=\"so-panel widget widget_sow-editor panel-last-child\" data-index=\"1\" ><div\n\t\t\t\n\t\t\tclass=\"so-widget-sow-editor so-widget-sow-editor-base\"\n\t\t\t\n\t\t>\n<div class=\"siteorigin-widget-tinymce textwidget\">\n\t<p><span lang=\"EN-US\">Pablo Arma\u00f1ac Juli\u00e1n is a PhD researcher who joined the BSICoS group in 2018. He obtained his B.Sc. degree in Electronics and Automation Engineering in 2017, followed by an M.Sc. in Biomedical Engineering in 2018, and completed his PhD in Biomedical Engineering in 2024 at the Aragon Engineering Research Institute of the University of Zaragoza (Zaragoza, Spain). His current research interests are focused on the Internet of Health Things (IoHT) and biomedical signal processing, particularly in analyzing Heart Rate Variability for specific applications such as stress, critical care, and sleep apnea. Additionally, he is working on the implementation of algorithms to detect drowsiness while driving.<\/span><\/p>\n<\/div>\n<\/div><\/div><\/div><\/div><\/div><div id=\"pg-gb5273-69ee5de436b5e-1\"  class=\"panel-grid panel-has-style\" ><div class=\"panel-row-style panel-row-style-for-gb5273-69ee5de436b5e-1\" ><div id=\"pgc-gb5273-69ee5de436b5e-1-0\"  class=\"panel-grid-cell\" ><div id=\"panel-gb5273-69ee5de436b5e-1-0-0\" class=\"so-panel widget widget_sow-headline panel-first-child\" data-index=\"2\" ><div\n\t\t\t\n\t\t\tclass=\"so-widget-sow-headline so-widget-sow-headline-default-244eb6bef45a-5273\"\n\t\t\t\n\t\t><div class=\"sow-headline-container \">\n\t\t\t\t\t\t\t<h5 class=\"sow-headline\">\n\t\t\t\t\t\tPUBLICATIONS\t\t\t\t\t\t<\/h5>\n\t\t\t\t\t\t\t\t\t\t\t<div class=\"decoration\">\n\t\t\t\t\t\t<div class=\"decoration-inside\"><\/div>\n\t\t\t\t\t<\/div>\n\t\t\t\t\t<\/div>\n<\/div><\/div><div id=\"panel-gb5273-69ee5de436b5e-1-0-1\" class=\"so-panel widget widget_sow-editor panel-last-child\" data-index=\"3\" ><div\n\t\t\t\n\t\t\tclass=\"so-widget-sow-editor so-widget-sow-editor-base\"\n\t\t\t\n\t\t>\n<div class=\"siteorigin-widget-tinymce textwidget\">\n\t<div class=\"teachpress_pub_list\"><form name=\"tppublistform\" method=\"get\"><a name=\"tppubs\" id=\"tppubs\"><\/a><div class=\"teachpress_filter\"><select class=\"default\" name=\"yr\" id=\"yr\" tabindex=\"2\" onchange=\"teachpress_jumpMenu('parent',this, 'https:\/\/bsicos.i3a.es\/es\/pablo-armanac-julian\/?')\">\r\n                   <option value=\"tgid=&amp;type=&amp;auth=&amp;usr=&amp;yr=#tppubs\">Todos los a\u00f1os<\/option>\r\n                   <option value = \"tgid=&amp;type=&amp;auth=&amp;usr=&amp;yr=2026#tppubs\" >2026<\/option><option value = \"tgid=&amp;type=&amp;auth=&amp;usr=&amp;yr=2025#tppubs\" >2025<\/option><option value = \"tgid=&amp;type=&amp;auth=&amp;usr=&amp;yr=2024#tppubs\" >2024<\/option><option value = \"tgid=&amp;type=&amp;auth=&amp;usr=&amp;yr=2023#tppubs\" >2023<\/option><option value = \"tgid=&amp;type=&amp;auth=&amp;usr=&amp;yr=2022#tppubs\" >2022<\/option><option value = \"tgid=&amp;type=&amp;auth=&amp;usr=&amp;yr=2021#tppubs\" >2021<\/option><option value = \"tgid=&amp;type=&amp;auth=&amp;usr=&amp;yr=2020#tppubs\" >2020<\/option><option value = \"tgid=&amp;type=&amp;auth=&amp;usr=&amp;yr=2019#tppubs\" >2019<\/option><option value = \"tgid=&amp;type=&amp;auth=&amp;usr=&amp;yr=2018#tppubs\" >2018<\/option><option value = \"tgid=&amp;type=&amp;auth=&amp;usr=&amp;yr=2017#tppubs\" >2017<\/option><option value = \"tgid=&amp;type=&amp;auth=&amp;usr=&amp;yr=2016#tppubs\" >2016<\/option><option value = \"tgid=&amp;type=&amp;auth=&amp;usr=&amp;yr=2015#tppubs\" >2015<\/option><option value = \"tgid=&amp;type=&amp;auth=&amp;usr=&amp;yr=2014#tppubs\" >2014<\/option><option value = \"tgid=&amp;type=&amp;auth=&amp;usr=&amp;yr=2013#tppubs\" >2013<\/option><option value = \"tgid=&amp;type=&amp;auth=&amp;usr=&amp;yr=2012#tppubs\" >2012<\/option><option value = \"tgid=&amp;type=&amp;auth=&amp;usr=&amp;yr=2011#tppubs\" >2011<\/option><option value = \"tgid=&amp;type=&amp;auth=&amp;usr=&amp;yr=2010#tppubs\" >2010<\/option><option value = \"tgid=&amp;type=&amp;auth=&amp;usr=&amp;yr=2009#tppubs\" >2009<\/option><option value = \"tgid=&amp;type=&amp;auth=&amp;usr=&amp;yr=2008#tppubs\" >2008<\/option><option value = \"tgid=&amp;type=&amp;auth=&amp;usr=&amp;yr=2007#tppubs\" >2007<\/option><option value = \"tgid=&amp;type=&amp;auth=&amp;usr=&amp;yr=2006#tppubs\" >2006<\/option><option value = \"tgid=&amp;type=&amp;auth=&amp;usr=&amp;yr=2005#tppubs\" >2005<\/option><option value = \"tgid=&amp;type=&amp;auth=&amp;usr=&amp;yr=2004#tppubs\" >2004<\/option><option value = \"tgid=&amp;type=&amp;auth=&amp;usr=&amp;yr=2003#tppubs\" >2003<\/option><option value = \"tgid=&amp;type=&amp;auth=&amp;usr=&amp;yr=2002#tppubs\" >2002<\/option><option value = \"tgid=&amp;type=&amp;auth=&amp;usr=&amp;yr=2001#tppubs\" >2001<\/option><option value = \"tgid=&amp;type=&amp;auth=&amp;usr=&amp;yr=2000#tppubs\" >2000<\/option><option value = \"tgid=&amp;type=&amp;auth=&amp;usr=&amp;yr=1999#tppubs\" >1999<\/option><option value = \"tgid=&amp;type=&amp;auth=&amp;usr=&amp;yr=1998#tppubs\" >1998<\/option><option value = \"tgid=&amp;type=&amp;auth=&amp;usr=&amp;yr=1997#tppubs\" >1997<\/option><option value = \"tgid=&amp;type=&amp;auth=&amp;usr=&amp;yr=1996#tppubs\" >1996<\/option><option value = \"tgid=&amp;type=&amp;auth=&amp;usr=&amp;yr=1995#tppubs\" >1995<\/option><option value = \"tgid=&amp;type=&amp;auth=&amp;usr=&amp;yr=1994#tppubs\" >1994<\/option><option value = \"tgid=&amp;type=&amp;auth=&amp;usr=&amp;yr=1993#tppubs\" >1993<\/option><option value = \"tgid=&amp;type=&amp;auth=&amp;usr=&amp;yr=1992#tppubs\" >1992<\/option><option value = \"tgid=&amp;type=&amp;auth=&amp;usr=&amp;yr=1991#tppubs\" >1991<\/option><option value = \"tgid=&amp;type=&amp;auth=&amp;usr=&amp;yr=1990#tppubs\" >1990<\/option>\r\n                <\/select><select class=\"default\" name=\"type\" id=\"type\" tabindex=\"3\" onchange=\"teachpress_jumpMenu('parent',this, 'https:\/\/bsicos.i3a.es\/es\/pablo-armanac-julian\/?')\">\r\n                   <option value=\"tgid=&amp;yr=&amp;auth=&amp;usr=&amp;type=#tppubs\">Todas las tipolog\u00edas<\/option>\r\n                   <option value = \"tgid=&amp;yr=&amp;auth=&amp;usr=&amp;type=article#tppubs\" >Art\u00edculos de revista<\/option><option value = \"tgid=&amp;yr=&amp;auth=&amp;usr=&amp;type=book#tppubs\" >Libros<\/option><option value = \"tgid=&amp;yr=&amp;auth=&amp;usr=&amp;type=conference#tppubs\" >Conferencias<\/option><option value = \"tgid=&amp;yr=&amp;auth=&amp;usr=&amp;type=inbook#tppubs\" >Cap\u00edtulos de libros<\/option><option value = \"tgid=&amp;yr=&amp;auth=&amp;usr=&amp;type=patent#tppubs\" >Patentes<\/option><option value = \"tgid=&amp;yr=&amp;auth=&amp;usr=&amp;type=phdthesis#tppubs\" >Tesis doctorales<\/option>\r\n                <\/select><\/div><\/form><div class=\"teachpress_publication_list\"><h3 class=\"tp_h3\" id=\"tp_h3_2026\">2026<\/h3><h3 class=\"tp_h3\" id=\"tp_h3_article\">Art\u00edculos de revista<\/h3><div class=\"tp_publication tp_publication_article\"><div class=\"tp_pub_info\"><p class=\"tp_pub_author\"> Jimenez-Oca\u00f1a, A A;  Pantoja, A;  Arma\u00f1ac, P;  Bail\u00f3n, R;  Laguna, P;  Giraldo, L F<\/p><p class=\"tp_pub_title\"><a class=\"tp_title_link\" onclick=\"teachpress_pub_showhide('1345','tp_links')\" style=\"cursor:pointer;\">Stress Detection Using Heart Rate Variability and Respiratory Signals Derived From a Single-Lead ECG<\/a> <span class=\"tp_pub_type tp_  article\">Art\u00edculo de revista<\/span> <\/p><p class=\"tp_pub_additional\"><span class=\"tp_pub_additional_in\">En: <\/span><span class=\"tp_pub_additional_journal\">IEEE Trans. Biomed. Eng., <\/span><span class=\"tp_pub_additional_year\">2026<\/span>.<\/p><p class=\"tp_pub_menu\"><span class=\"tp_resource_link\"><a id=\"tp_links_sh_1345\" class=\"tp_show\" onclick=\"teachpress_pub_showhide('1345','tp_links')\" title=\"Mostrar enlaces y recursos\" style=\"cursor:pointer;\">Enlaces<\/a><\/span> | <span class=\"tp_bibtex_link\"><a id=\"tp_bibtex_sh_1345\" class=\"tp_show\" onclick=\"teachpress_pub_showhide('1345','tp_bibtex')\" title=\"Mostrar entrada BibTeX \" style=\"cursor:pointer;\">BibTeX<\/a><\/span><\/p><div class=\"tp_bibtex\" id=\"tp_bibtex_1345\" style=\"display:none;\"><div class=\"tp_bibtex_entry\"><pre>@article{JimOca_26,<br \/>\r\ntitle = {Stress Detection Using Heart Rate Variability and Respiratory Signals Derived From a Single-Lead ECG},<br \/>\r\nauthor = {A A Jimenez-Oca\u00f1a and A Pantoja and P Arma\u00f1ac and R Bail\u00f3n and P Laguna and L F Giraldo},<br \/>\r\nurl = {https:\/\/drive.google.com\/file\/d\/1b2DJ7TYUxF56v_v8vR_ni-T-Q_UsvUbG\/view},<br \/>\r\ndoi = {10.1109\/TBME.2026.3658304},<br \/>\r\nyear  = {2026},<br \/>\r\ndate = {2026-01-01},<br \/>\r\nurldate = {2026-01-01},<br \/>\r\njournal = {IEEE Trans. Biomed. Eng.},<br \/>\r\nkeywords = {},<br \/>\r\npubstate = {published},<br \/>\r\ntppubtype = {article}<br \/>\r\n}<br \/>\r\n<\/pre><\/div><p class=\"tp_close_menu\"><a class=\"tp_close\" onclick=\"teachpress_pub_showhide('1345','tp_bibtex')\">Cerrar<\/a><\/p><\/div><div class=\"tp_links\" id=\"tp_links_1345\" style=\"display:none;\"><div class=\"tp_links_entry\"><ul class=\"tp_pub_list\"><li><i class=\"fas fa-globe\"><\/i><a class=\"tp_pub_list\" href=\"https:\/\/drive.google.com\/file\/d\/1b2DJ7TYUxF56v_v8vR_ni-T-Q_UsvUbG\/view\" title=\"https:\/\/drive.google.com\/file\/d\/1b2DJ7TYUxF56v_v8vR_ni-T-Q_UsvUbG\/view\" target=\"_blank\">https:\/\/drive.google.com\/file\/d\/1b2DJ7TYUxF56v_v8vR_ni-T-Q_UsvUbG\/view<\/a><\/li><li><i class=\"ai ai-doi\"><\/i><a class=\"tp_pub_list\" href=\"https:\/\/dx.doi.org\/10.1109\/TBME.2026.3658304\" title=\"DOI de seguimiento:10.1109\/TBME.2026.3658304\" target=\"_blank\">doi:10.1109\/TBME.2026.3658304<\/a><\/li><\/ul><\/div><p class=\"tp_close_menu\"><a class=\"tp_close\" onclick=\"teachpress_pub_showhide('1345','tp_links')\">Cerrar<\/a><\/p><\/div><\/div><\/div><h3 class=\"tp_h3\" id=\"tp_h3_2025\">2025<\/h3><h3 class=\"tp_h3\" id=\"tp_h3_article\">Art\u00edculos de revista<\/h3><div class=\"tp_publication tp_publication_article\"><div class=\"tp_pub_info\"><p class=\"tp_pub_author\"> Arma\u00f1ac-Juli\u00e1n, P;  Kontaxis, S;  L\u00e1zaro, J;  Rapalis, A;  Brazaitis, M;  Marozas, V;  Laguna, P;  Bail\u00f3n, R;  Gil, E<\/p><p class=\"tp_pub_title\"><a class=\"tp_title_link\" onclick=\"teachpress_pub_showhide('1258','tp_links')\" style=\"cursor:pointer;\">Vascular Reactivity Characterized by PPG-derived Pulse Wave Velocity<\/a> <span class=\"tp_pub_type tp_  article\">Art\u00edculo de revista<\/span> <\/p><p class=\"tp_pub_additional\"><span class=\"tp_pub_additional_in\">En: <\/span><span class=\"tp_pub_additional_journal\">Biomedical Signal Processing and Control, <\/span><span class=\"tp_pub_additional_volume\">vol. 105, <\/span><span class=\"tp_pub_additional_issue\">iss. 107641, <\/span><span class=\"tp_pub_additional_year\">2025<\/span>.<\/p><p class=\"tp_pub_menu\"><span class=\"tp_resource_link\"><a id=\"tp_links_sh_1258\" class=\"tp_show\" onclick=\"teachpress_pub_showhide('1258','tp_links')\" title=\"Mostrar enlaces y recursos\" style=\"cursor:pointer;\">Enlaces<\/a><\/span> | <span class=\"tp_bibtex_link\"><a id=\"tp_bibtex_sh_1258\" class=\"tp_show\" onclick=\"teachpress_pub_showhide('1258','tp_bibtex')\" title=\"Mostrar entrada BibTeX \" style=\"cursor:pointer;\">BibTeX<\/a><\/span><\/p><div class=\"tp_bibtex\" id=\"tp_bibtex_1258\" style=\"display:none;\"><div class=\"tp_bibtex_entry\"><pre>@article{armanac25,<br \/>\r\ntitle = {Vascular Reactivity Characterized by PPG-derived Pulse Wave Velocity},<br \/>\r\nauthor = {P Arma\u00f1ac-Juli\u00e1n and S Kontaxis and J L\u00e1zaro and A Rapalis and M Brazaitis and V Marozas and P Laguna and R Bail\u00f3n and E Gil},<br \/>\r\nurl = {https:\/\/drive.google.com\/file\/d\/1PALBrnVVHACXLXcSVsM3goEMUYWKnPmG\/view},<br \/>\r\ndoi = {10.1016\/j.bspc.2025.107641},<br \/>\r\nyear  = {2025},<br \/>\r\ndate = {2025-01-01},<br \/>\r\nurldate = {2025-01-01},<br \/>\r\njournal = {Biomedical Signal Processing and Control},<br \/>\r\nvolume = {105},<br \/>\r\nissue = {107641},<br \/>\r\nkeywords = {},<br \/>\r\npubstate = {published},<br \/>\r\ntppubtype = {article}<br \/>\r\n}<br \/>\r\n<\/pre><\/div><p class=\"tp_close_menu\"><a class=\"tp_close\" onclick=\"teachpress_pub_showhide('1258','tp_bibtex')\">Cerrar<\/a><\/p><\/div><div class=\"tp_links\" id=\"tp_links_1258\" style=\"display:none;\"><div class=\"tp_links_entry\"><ul class=\"tp_pub_list\"><li><i class=\"fas fa-globe\"><\/i><a class=\"tp_pub_list\" href=\"https:\/\/drive.google.com\/file\/d\/1PALBrnVVHACXLXcSVsM3goEMUYWKnPmG\/view\" title=\"https:\/\/drive.google.com\/file\/d\/1PALBrnVVHACXLXcSVsM3goEMUYWKnPmG\/view\" target=\"_blank\">https:\/\/drive.google.com\/file\/d\/1PALBrnVVHACXLXcSVsM3goEMUYWKnPmG\/view<\/a><\/li><li><i class=\"ai ai-doi\"><\/i><a class=\"tp_pub_list\" href=\"https:\/\/dx.doi.org\/10.1016\/j.bspc.2025.107641\" title=\"DOI de seguimiento:10.1016\/j.bspc.2025.107641\" target=\"_blank\">doi:10.1016\/j.bspc.2025.107641<\/a><\/li><\/ul><\/div><p class=\"tp_close_menu\"><a class=\"tp_close\" onclick=\"teachpress_pub_showhide('1258','tp_links')\">Cerrar<\/a><\/p><\/div><\/div><\/div><div class=\"tp_publication tp_publication_article\"><div class=\"tp_pub_info\"><p class=\"tp_pub_author\"> Cajal, D; de la C\u00e1mara, C;  Miguel, M Posadas-de;  Torrijos, N;  Nadal, \u00d3;  Blanco, T;  Siddi, S;  Arma\u00f1ac, P;  Gil, E;  L\u00e1zaro, J;  Bail\u00f3n, R<\/p><p class=\"tp_pub_title\"><a class=\"tp_title_link\" onclick=\"teachpress_pub_showhide('1317','tp_links')\" style=\"cursor:pointer;\">Evaluation of Stress Response Using Smartphone PPG for Anxiety and Depression Monitoring<\/a> <span class=\"tp_pub_type tp_  article\">Art\u00edculo de revista<\/span> <\/p><p class=\"tp_pub_additional\"><span class=\"tp_pub_additional_in\">En: <\/span><span class=\"tp_pub_additional_journal\">IEEE Access, <\/span><span class=\"tp_pub_additional_year\">2025<\/span>.<\/p><p class=\"tp_pub_menu\"><span class=\"tp_resource_link\"><a id=\"tp_links_sh_1317\" class=\"tp_show\" onclick=\"teachpress_pub_showhide('1317','tp_links')\" title=\"Mostrar enlaces y recursos\" style=\"cursor:pointer;\">Enlaces<\/a><\/span> | <span class=\"tp_bibtex_link\"><a id=\"tp_bibtex_sh_1317\" class=\"tp_show\" onclick=\"teachpress_pub_showhide('1317','tp_bibtex')\" title=\"Mostrar entrada BibTeX \" style=\"cursor:pointer;\">BibTeX<\/a><\/span><\/p><div class=\"tp_bibtex\" id=\"tp_bibtex_1317\" style=\"display:none;\"><div class=\"tp_bibtex_entry\"><pre>@article{Cajal25,<br \/>\r\ntitle = {Evaluation of Stress Response Using Smartphone PPG for Anxiety and Depression Monitoring},<br \/>\r\nauthor = {D Cajal and C {de la C\u00e1mara} and M {Posadas-de Miguel} and N Torrijos and \u00d3 Nadal and T Blanco and S Siddi and P Arma\u00f1ac and E Gil and J L\u00e1zaro and R Bail\u00f3n},<br \/>\r\nurl = {https:\/\/drive.google.com\/file\/d\/1jSazXPfg0vBLzSkl6cZFVxi9ZByoTEq4\/view},<br \/>\r\ndoi = {10.1109\/ACCESS.2025.3643644},<br \/>\r\nyear  = {2025},<br \/>\r\ndate = {2025-01-01},<br \/>\r\njournal = {IEEE Access},<br \/>\r\nkeywords = {},<br \/>\r\npubstate = {published},<br \/>\r\ntppubtype = {article}<br \/>\r\n}<br \/>\r\n<\/pre><\/div><p class=\"tp_close_menu\"><a class=\"tp_close\" onclick=\"teachpress_pub_showhide('1317','tp_bibtex')\">Cerrar<\/a><\/p><\/div><div class=\"tp_links\" id=\"tp_links_1317\" style=\"display:none;\"><div class=\"tp_links_entry\"><ul class=\"tp_pub_list\"><li><i class=\"fas fa-globe\"><\/i><a class=\"tp_pub_list\" href=\"https:\/\/drive.google.com\/file\/d\/1jSazXPfg0vBLzSkl6cZFVxi9ZByoTEq4\/view\" title=\"https:\/\/drive.google.com\/file\/d\/1jSazXPfg0vBLzSkl6cZFVxi9ZByoTEq4\/view\" target=\"_blank\">https:\/\/drive.google.com\/file\/d\/1jSazXPfg0vBLzSkl6cZFVxi9ZByoTEq4\/view<\/a><\/li><li><i class=\"ai ai-doi\"><\/i><a class=\"tp_pub_list\" href=\"https:\/\/dx.doi.org\/10.1109\/ACCESS.2025.3643644\" title=\"DOI de seguimiento:10.1109\/ACCESS.2025.3643644\" target=\"_blank\">doi:10.1109\/ACCESS.2025.3643644<\/a><\/li><\/ul><\/div><p class=\"tp_close_menu\"><a class=\"tp_close\" onclick=\"teachpress_pub_showhide('1317','tp_links')\">Cerrar<\/a><\/p><\/div><\/div><\/div><h3 class=\"tp_h3\" id=\"tp_h3_conference\">Conferencias<\/h3><div class=\"tp_publication tp_publication_conference\"><div class=\"tp_pub_info\"><p class=\"tp_pub_author\"> Pina, J;  Bernal-Berdun, E;  Martin, D;  Malpica, S;  Real, C;  Arma\u00f1ac-Juli\u00e1n, P;  L\u00e1zaro, J;  Mart\u00edn-Yebra, A;  Masia, B;  Serrano, A<\/p><p class=\"tp_pub_title\"><a class=\"tp_title_link\" onclick=\"teachpress_pub_showhide('1309','tp_links')\" style=\"cursor:pointer;\">The Effect of Cognitive Load on Visual Search Tasks in Multisensory Immersive Environments<\/a> <span class=\"tp_pub_type tp_  conference\">Conferencia<\/span> <\/p><p class=\"tp_pub_additional\"><span class=\"tp_pub_additional_booktitle\">IEEE Conference on Virtual Reality and 3D User Interfaces Abstracts and Workshops (VRW), <\/span><span class=\"tp_pub_additional_year\">2025<\/span>.<\/p><p class=\"tp_pub_menu\"><span class=\"tp_resource_link\"><a id=\"tp_links_sh_1309\" class=\"tp_show\" onclick=\"teachpress_pub_showhide('1309','tp_links')\" title=\"Mostrar enlaces y recursos\" style=\"cursor:pointer;\">Enlaces<\/a><\/span> | <span class=\"tp_bibtex_link\"><a id=\"tp_bibtex_sh_1309\" class=\"tp_show\" onclick=\"teachpress_pub_showhide('1309','tp_bibtex')\" title=\"Mostrar entrada BibTeX \" style=\"cursor:pointer;\">BibTeX<\/a><\/span><\/p><div class=\"tp_bibtex\" id=\"tp_bibtex_1309\" style=\"display:none;\"><div class=\"tp_bibtex_entry\"><pre>@conference{Pina_c25,<br \/>\r\ntitle = {The Effect of Cognitive Load on Visual Search Tasks in Multisensory Immersive Environments},<br \/>\r\nauthor = {J Pina and E Bernal-Berdun and D Martin and S Malpica and C Real and P Arma\u00f1ac-Juli\u00e1n and J L\u00e1zaro and A Mart\u00edn-Yebra and B Masia and A Serrano},<br \/>\r\nurl = {https:\/\/drive.google.com\/file\/d\/1LqPQ4z3n5HgMNZX5n5UQaOdtj78GcC7j\/view?usp=sharing},<br \/>\r\ndoi = {10.1109\/VRW66409.2025.00368},<br \/>\r\nyear  = {2025},<br \/>\r\ndate = {2025-01-01},<br \/>\r\nurldate = {2025-01-01},<br \/>\r\nbooktitle = {IEEE Conference on Virtual Reality and 3D User Interfaces Abstracts and Workshops (VRW)},<br \/>\r\nkeywords = {},<br \/>\r\npubstate = {published},<br \/>\r\ntppubtype = {conference}<br \/>\r\n}<br \/>\r\n<\/pre><\/div><p class=\"tp_close_menu\"><a class=\"tp_close\" onclick=\"teachpress_pub_showhide('1309','tp_bibtex')\">Cerrar<\/a><\/p><\/div><div class=\"tp_links\" id=\"tp_links_1309\" style=\"display:none;\"><div class=\"tp_links_entry\"><ul class=\"tp_pub_list\"><li><i class=\"fas fa-globe\"><\/i><a class=\"tp_pub_list\" href=\"https:\/\/drive.google.com\/file\/d\/1LqPQ4z3n5HgMNZX5n5UQaOdtj78GcC7j\/view?usp=sharing\" title=\"https:\/\/drive.google.com\/file\/d\/1LqPQ4z3n5HgMNZX5n5UQaOdtj78GcC7j\/view?usp=shari[...]\" target=\"_blank\">https:\/\/drive.google.com\/file\/d\/1LqPQ4z3n5HgMNZX5n5UQaOdtj78GcC7j\/view?usp=shari[&#8230;]<\/a><\/li><li><i class=\"ai ai-doi\"><\/i><a class=\"tp_pub_list\" href=\"https:\/\/dx.doi.org\/10.1109\/VRW66409.2025.00368\" title=\"DOI de seguimiento:10.1109\/VRW66409.2025.00368\" target=\"_blank\">doi:10.1109\/VRW66409.2025.00368<\/a><\/li><\/ul><\/div><p class=\"tp_close_menu\"><a class=\"tp_close\" onclick=\"teachpress_pub_showhide('1309','tp_links')\">Cerrar<\/a><\/p><\/div><\/div><\/div><div class=\"tp_publication tp_publication_conference\"><div class=\"tp_pub_info\"><p class=\"tp_pub_author\"> Arma\u00f1ac-Juli\u00e1n, P;  Hernando, D;  Barquero, A;  Gil, E;  L\u00e1zaro, J;  Mart\u00ednez-G\u00f3mez, D;  Bail\u00f3n, R<\/p><p class=\"tp_pub_title\"><a class=\"tp_title_link\" onclick=\"teachpress_pub_showhide('1325','tp_links')\" style=\"cursor:pointer;\">Cobertura Funcional de la Frecuencia Cardiaca del Wearable MATRIX en Vida Diaria No Estructurada<\/a> <span class=\"tp_pub_type tp_  conference\">Conferencia<\/span> <\/p><p class=\"tp_pub_additional\"><span class=\"tp_pub_additional_booktitle\">Proceedings CASEIB 2025, <\/span><span class=\"tp_pub_additional_address\">Zaragoza, <\/span><span class=\"tp_pub_additional_year\">2025<\/span>.<\/p><p class=\"tp_pub_menu\"><span class=\"tp_resource_link\"><a id=\"tp_links_sh_1325\" class=\"tp_show\" onclick=\"teachpress_pub_showhide('1325','tp_links')\" title=\"Mostrar enlaces y recursos\" style=\"cursor:pointer;\">Enlaces<\/a><\/span> | <span class=\"tp_bibtex_link\"><a id=\"tp_bibtex_sh_1325\" class=\"tp_show\" onclick=\"teachpress_pub_showhide('1325','tp_bibtex')\" title=\"Mostrar entrada BibTeX \" style=\"cursor:pointer;\">BibTeX<\/a><\/span><\/p><div class=\"tp_bibtex\" id=\"tp_bibtex_1325\" style=\"display:none;\"><div class=\"tp_bibtex_entry\"><pre>@conference{PArmanac_c25,<br \/>\r\ntitle = {Cobertura Funcional de la Frecuencia Cardiaca del Wearable MATRIX en Vida Diaria No Estructurada},<br \/>\r\nauthor = {P Arma\u00f1ac-Juli\u00e1n and D Hernando and A Barquero and E Gil and J L\u00e1zaro and D Mart\u00ednez-G\u00f3mez and R Bail\u00f3n},<br \/>\r\nurl = {https:\/\/drive.google.com\/file\/d\/1sQfsdRXV9dlDcGcO9UTOYfZUS4ZVZ730\/view},<br \/>\r\nyear  = {2025},<br \/>\r\ndate = {2025-01-01},<br \/>\r\nbooktitle = {Proceedings CASEIB 2025},<br \/>\r\npages = {472-475},<br \/>\r\naddress = {Zaragoza},<br \/>\r\nkeywords = {},<br \/>\r\npubstate = {published},<br \/>\r\ntppubtype = {conference}<br \/>\r\n}<br \/>\r\n<\/pre><\/div><p class=\"tp_close_menu\"><a class=\"tp_close\" onclick=\"teachpress_pub_showhide('1325','tp_bibtex')\">Cerrar<\/a><\/p><\/div><div class=\"tp_links\" id=\"tp_links_1325\" style=\"display:none;\"><div class=\"tp_links_entry\"><ul class=\"tp_pub_list\"><li><i class=\"fas fa-globe\"><\/i><a class=\"tp_pub_list\" href=\"https:\/\/drive.google.com\/file\/d\/1sQfsdRXV9dlDcGcO9UTOYfZUS4ZVZ730\/view\" title=\"https:\/\/drive.google.com\/file\/d\/1sQfsdRXV9dlDcGcO9UTOYfZUS4ZVZ730\/view\" target=\"_blank\">https:\/\/drive.google.com\/file\/d\/1sQfsdRXV9dlDcGcO9UTOYfZUS4ZVZ730\/view<\/a><\/li><\/ul><\/div><p class=\"tp_close_menu\"><a class=\"tp_close\" onclick=\"teachpress_pub_showhide('1325','tp_links')\">Cerrar<\/a><\/p><\/div><\/div><\/div><div class=\"tp_publication tp_publication_conference\"><div class=\"tp_pub_info\"><p class=\"tp_pub_author\"> P\u00e9rez, S;  Arma\u00f1ac, P;  Mart\u00edn-Yebra, A;  L\u00f3pez, J;  Su\u00f1ol, F; de Haro, C;  Sarlabous, L;  Fern\u00e1ndez, R;  Batlle, M;  Blanch, L;  Bail\u00f3n, R<\/p><p class=\"tp_pub_title\"><a class=\"tp_title_link\" onclick=\"teachpress_pub_showhide('1292','tp_links')\" style=\"cursor:pointer;\">\u00cdndice de concentraci\u00f3n espectral respiratoria como predictor del \u00e9xito del destete en pacientes ventilados mec\u00e1nicamente en UCI<\/a> <span class=\"tp_pub_type tp_  conference\">Conferencia<\/span> <\/p><p class=\"tp_pub_additional\"><span class=\"tp_pub_additional_booktitle\">Jornadas de J\u00f3venes Investigadores del I3A, <\/span><span class=\"tp_pub_additional_volume\">vol. 13, <\/span><span class=\"tp_pub_additional_year\">2025<\/span>, <span class=\"tp_pub_additional_issn\">ISSN: 2341-4790<\/span>.<\/p><p class=\"tp_pub_menu\"><span class=\"tp_resource_link\"><a id=\"tp_links_sh_1292\" class=\"tp_show\" onclick=\"teachpress_pub_showhide('1292','tp_links')\" title=\"Mostrar enlaces y recursos\" style=\"cursor:pointer;\">Enlaces<\/a><\/span> | <span class=\"tp_bibtex_link\"><a id=\"tp_bibtex_sh_1292\" class=\"tp_show\" onclick=\"teachpress_pub_showhide('1292','tp_bibtex')\" title=\"Mostrar entrada BibTeX \" style=\"cursor:pointer;\">BibTeX<\/a><\/span><\/p><div class=\"tp_bibtex\" id=\"tp_bibtex_1292\" style=\"display:none;\"><div class=\"tp_bibtex_entry\"><pre>@conference{Perez_c25b,<br \/>\r\ntitle = {\u00cdndice de concentraci\u00f3n espectral respiratoria como predictor del \u00e9xito del destete en pacientes ventilados mec\u00e1nicamente en UCI},<br \/>\r\nauthor = {S P\u00e9rez and P Arma\u00f1ac and A Mart\u00edn-Yebra and J L\u00f3pez and F Su\u00f1ol and C {de Haro} and L Sarlabous and R Fern\u00e1ndez and M Batlle and L Blanch and R Bail\u00f3n},<br \/>\r\nurl = {https:\/\/drive.google.com\/file\/d\/13K54zPnlMWzHqv82N2lUJpvLAYz4NvNx\/view},<br \/>\r\nissn = {2341-4790},<br \/>\r\nyear  = {2025},<br \/>\r\ndate = {2025-01-01},<br \/>\r\nbooktitle = {Jornadas de J\u00f3venes Investigadores del I3A},<br \/>\r\nvolume = {13},<br \/>\r\nkeywords = {},<br \/>\r\npubstate = {published},<br \/>\r\ntppubtype = {conference}<br \/>\r\n}<br \/>\r\n<\/pre><\/div><p class=\"tp_close_menu\"><a class=\"tp_close\" onclick=\"teachpress_pub_showhide('1292','tp_bibtex')\">Cerrar<\/a><\/p><\/div><div class=\"tp_links\" id=\"tp_links_1292\" style=\"display:none;\"><div class=\"tp_links_entry\"><ul class=\"tp_pub_list\"><li><i class=\"fas fa-globe\"><\/i><a class=\"tp_pub_list\" href=\"https:\/\/drive.google.com\/file\/d\/13K54zPnlMWzHqv82N2lUJpvLAYz4NvNx\/view\" title=\"https:\/\/drive.google.com\/file\/d\/13K54zPnlMWzHqv82N2lUJpvLAYz4NvNx\/view\" target=\"_blank\">https:\/\/drive.google.com\/file\/d\/13K54zPnlMWzHqv82N2lUJpvLAYz4NvNx\/view<\/a><\/li><\/ul><\/div><p class=\"tp_close_menu\"><a class=\"tp_close\" onclick=\"teachpress_pub_showhide('1292','tp_links')\">Cerrar<\/a><\/p><\/div><\/div><\/div><div class=\"tp_publication tp_publication_conference\"><div class=\"tp_pub_info\"><p class=\"tp_pub_author\"> Wadhwani, N;  Arma\u00f1ac, P;  Bail\u00f3n, R;  Gil, E<\/p><p class=\"tp_pub_title\"><a class=\"tp_title_link\" onclick=\"teachpress_pub_showhide('1329','tp_links')\" style=\"cursor:pointer;\">Impact of Signal Quality on the Accuracy of Pulse Rate Variability Derived from Photoplethysmography<\/a> <span class=\"tp_pub_type tp_  conference\">Conferencia<\/span> <\/p><p class=\"tp_pub_additional\"><span class=\"tp_pub_additional_booktitle\">Proceedings CASEIB 2025, <\/span><span class=\"tp_pub_additional_address\">Zaragoza, <\/span><span class=\"tp_pub_additional_year\">2025<\/span>.<\/p><p class=\"tp_pub_menu\"><span class=\"tp_resource_link\"><a id=\"tp_links_sh_1329\" class=\"tp_show\" onclick=\"teachpress_pub_showhide('1329','tp_links')\" title=\"Mostrar enlaces y recursos\" style=\"cursor:pointer;\">Enlaces<\/a><\/span> | <span class=\"tp_bibtex_link\"><a id=\"tp_bibtex_sh_1329\" class=\"tp_show\" onclick=\"teachpress_pub_showhide('1329','tp_bibtex')\" title=\"Mostrar entrada BibTeX \" style=\"cursor:pointer;\">BibTeX<\/a><\/span><\/p><div class=\"tp_bibtex\" id=\"tp_bibtex_1329\" style=\"display:none;\"><div class=\"tp_bibtex_entry\"><pre>@conference{Wadhwani_c25,<br \/>\r\ntitle = {Impact of Signal Quality on the Accuracy of Pulse Rate Variability Derived from Photoplethysmography},<br \/>\r\nauthor = {N Wadhwani and P Arma\u00f1ac and R Bail\u00f3n and E Gil},<br \/>\r\nurl = {https:\/\/drive.google.com\/file\/d\/1LWCOBswkXj5u1VN0FLsHiq76liEcbdfF\/view},<br \/>\r\nyear  = {2025},<br \/>\r\ndate = {2025-01-01},<br \/>\r\nbooktitle = {Proceedings CASEIB 2025},<br \/>\r\npages = {96-99},<br \/>\r\naddress = {Zaragoza},<br \/>\r\nkeywords = {},<br \/>\r\npubstate = {published},<br \/>\r\ntppubtype = {conference}<br \/>\r\n}<br \/>\r\n<\/pre><\/div><p class=\"tp_close_menu\"><a class=\"tp_close\" onclick=\"teachpress_pub_showhide('1329','tp_bibtex')\">Cerrar<\/a><\/p><\/div><div class=\"tp_links\" id=\"tp_links_1329\" style=\"display:none;\"><div class=\"tp_links_entry\"><ul class=\"tp_pub_list\"><li><i class=\"fas fa-globe\"><\/i><a class=\"tp_pub_list\" href=\"https:\/\/drive.google.com\/file\/d\/1LWCOBswkXj5u1VN0FLsHiq76liEcbdfF\/view\" title=\"https:\/\/drive.google.com\/file\/d\/1LWCOBswkXj5u1VN0FLsHiq76liEcbdfF\/view\" target=\"_blank\">https:\/\/drive.google.com\/file\/d\/1LWCOBswkXj5u1VN0FLsHiq76liEcbdfF\/view<\/a><\/li><\/ul><\/div><p class=\"tp_close_menu\"><a class=\"tp_close\" onclick=\"teachpress_pub_showhide('1329','tp_links')\">Cerrar<\/a><\/p><\/div><\/div><\/div><h3 class=\"tp_h3\" id=\"tp_h3_2024\">2024<\/h3><h3 class=\"tp_h3\" id=\"tp_h3_article\">Art\u00edculos de revista<\/h3><div class=\"tp_publication tp_publication_article\"><div class=\"tp_pub_info\"><p class=\"tp_pub_author\"> Hietakoste, S;  Arma\u00f1ac-Juli\u00e1n, P;  Karhu, T;  Bail\u00f3n, R;  Sillanm\u00e4ki, S;  T\u00f6yr\u00e4s, J;  Leppanen, T;  Myllymaa, S;  Kainulainen, S<\/p><p class=\"tp_pub_title\"><a class=\"tp_title_link\" onclick=\"teachpress_pub_showhide('1123','tp_links')\" style=\"cursor:pointer;\">Acute cardiorespiratory coupling impairment in worsening sleep apnea-related intermittent hypoxemia<\/a> <span class=\"tp_pub_type tp_  article\">Art\u00edculo de revista<\/span> <\/p><p class=\"tp_pub_additional\"><span class=\"tp_pub_additional_in\">En: <\/span><span class=\"tp_pub_additional_journal\">IEEE Transactions on Biomedical Engineering, <\/span><span class=\"tp_pub_additional_year\">2024<\/span>.<\/p><p class=\"tp_pub_menu\"><span class=\"tp_resource_link\"><a id=\"tp_links_sh_1123\" class=\"tp_show\" onclick=\"teachpress_pub_showhide('1123','tp_links')\" title=\"Mostrar enlaces y recursos\" style=\"cursor:pointer;\">Enlaces<\/a><\/span> | <span class=\"tp_bibtex_link\"><a id=\"tp_bibtex_sh_1123\" class=\"tp_show\" onclick=\"teachpress_pub_showhide('1123','tp_bibtex')\" title=\"Mostrar entrada BibTeX \" style=\"cursor:pointer;\">BibTeX<\/a><\/span><\/p><div class=\"tp_bibtex\" id=\"tp_bibtex_1123\" style=\"display:none;\"><div class=\"tp_bibtex_entry\"><pre>@article{Hietakoste23,<br \/>\r\ntitle = {Acute cardiorespiratory coupling impairment in worsening sleep apnea-related intermittent hypoxemia},<br \/>\r\nauthor = {S Hietakoste and P Arma\u00f1ac-Juli\u00e1n and T Karhu and R Bail\u00f3n and S Sillanm\u00e4ki and J T\u00f6yr\u00e4s and T Leppanen and S Myllymaa and S Kainulainen},<br \/>\r\nurl = {https:\/\/drive.google.com\/file\/d\/1VS4xph94AKukbh9UKtJhdrSY2sXxaKGO\/view},<br \/>\r\ndoi = {10.1109\/TBME.2023.3300079},<br \/>\r\nyear  = {2024},<br \/>\r\ndate = {2024-01-01},<br \/>\r\nurldate = {2023-01-01},<br \/>\r\njournal = {IEEE Transactions on Biomedical Engineering},<br \/>\r\nkeywords = {},<br \/>\r\npubstate = {published},<br \/>\r\ntppubtype = {article}<br \/>\r\n}<br \/>\r\n<\/pre><\/div><p class=\"tp_close_menu\"><a class=\"tp_close\" onclick=\"teachpress_pub_showhide('1123','tp_bibtex')\">Cerrar<\/a><\/p><\/div><div class=\"tp_links\" id=\"tp_links_1123\" style=\"display:none;\"><div class=\"tp_links_entry\"><ul class=\"tp_pub_list\"><li><i class=\"fas fa-globe\"><\/i><a class=\"tp_pub_list\" href=\"https:\/\/drive.google.com\/file\/d\/1VS4xph94AKukbh9UKtJhdrSY2sXxaKGO\/view\" title=\"https:\/\/drive.google.com\/file\/d\/1VS4xph94AKukbh9UKtJhdrSY2sXxaKGO\/view\" target=\"_blank\">https:\/\/drive.google.com\/file\/d\/1VS4xph94AKukbh9UKtJhdrSY2sXxaKGO\/view<\/a><\/li><li><i class=\"ai ai-doi\"><\/i><a class=\"tp_pub_list\" href=\"https:\/\/dx.doi.org\/10.1109\/TBME.2023.3300079\" title=\"DOI de seguimiento:10.1109\/TBME.2023.3300079\" target=\"_blank\">doi:10.1109\/TBME.2023.3300079<\/a><\/li><\/ul><\/div><p class=\"tp_close_menu\"><a class=\"tp_close\" onclick=\"teachpress_pub_showhide('1123','tp_links')\">Cerrar<\/a><\/p><\/div><\/div><\/div><div class=\"tp_publication tp_publication_article\"><div class=\"tp_pub_info\"><p class=\"tp_pub_author\"> Arma\u00f1ac-Juli\u00e1n, P;  Mart\u00edn-Montero, A;  L\u00e1zaro, J;  Hornero, R;  Laguna, P;  Kheirandish-Gozal, L;  Gozal, D;  Gil, E;  Bail\u00f3n, R;  Guti\u00e9rrez-Tobal, G<\/p><p class=\"tp_pub_title\"><a class=\"tp_title_link\" onclick=\"teachpress_pub_showhide('1167','tp_links')\" style=\"cursor:pointer;\">Persistent Sleep Disordered Breathing Independently Contributes to Metabolic Syndrome in Prepubertal Children<\/a> <span class=\"tp_pub_type tp_  article\">Art\u00edculo de revista<\/span> <\/p><p class=\"tp_pub_additional\"><span class=\"tp_pub_additional_in\">En: <\/span><span class=\"tp_pub_additional_journal\">Pediatric Pulmonology, <\/span><span class=\"tp_pub_additional_pages\">pp. 1-10, <\/span><span class=\"tp_pub_additional_year\">2024<\/span>.<\/p><p class=\"tp_pub_menu\"><span class=\"tp_resource_link\"><a id=\"tp_links_sh_1167\" class=\"tp_show\" onclick=\"teachpress_pub_showhide('1167','tp_links')\" title=\"Mostrar enlaces y recursos\" style=\"cursor:pointer;\">Enlaces<\/a><\/span> | <span class=\"tp_bibtex_link\"><a id=\"tp_bibtex_sh_1167\" class=\"tp_show\" onclick=\"teachpress_pub_showhide('1167','tp_bibtex')\" title=\"Mostrar entrada BibTeX \" style=\"cursor:pointer;\">BibTeX<\/a><\/span><\/p><div class=\"tp_bibtex\" id=\"tp_bibtex_1167\" style=\"display:none;\"><div class=\"tp_bibtex_entry\"><pre>@article{Armanac24,<br \/>\r\ntitle = {Persistent Sleep Disordered Breathing Independently Contributes to Metabolic Syndrome in Prepubertal Children},<br \/>\r\nauthor = {P Arma\u00f1ac-Juli\u00e1n and A Mart\u00edn-Montero and J L\u00e1zaro and R Hornero and P Laguna and L Kheirandish-Gozal and D Gozal and E Gil and R Bail\u00f3n and G Guti\u00e9rrez-Tobal},<br \/>\r\nurl = {https:\/\/drive.google.com\/file\/d\/1FH1QCLJkM3Efpr3tO_IfW0ONq4HP7A9i\/view},<br \/>\r\ndoi = {10.1002\/ppul.26720},<br \/>\r\nyear  = {2024},<br \/>\r\ndate = {2024-01-01},<br \/>\r\nurldate = {2024-01-01},<br \/>\r\njournal = {Pediatric Pulmonology},<br \/>\r\npages = {1-10},<br \/>\r\nkeywords = {},<br \/>\r\npubstate = {published},<br \/>\r\ntppubtype = {article}<br \/>\r\n}<br \/>\r\n<\/pre><\/div><p class=\"tp_close_menu\"><a class=\"tp_close\" onclick=\"teachpress_pub_showhide('1167','tp_bibtex')\">Cerrar<\/a><\/p><\/div><div class=\"tp_links\" id=\"tp_links_1167\" style=\"display:none;\"><div class=\"tp_links_entry\"><ul class=\"tp_pub_list\"><li><i class=\"fas fa-globe\"><\/i><a class=\"tp_pub_list\" href=\"https:\/\/drive.google.com\/file\/d\/1FH1QCLJkM3Efpr3tO_IfW0ONq4HP7A9i\/view\" title=\"https:\/\/drive.google.com\/file\/d\/1FH1QCLJkM3Efpr3tO_IfW0ONq4HP7A9i\/view\" target=\"_blank\">https:\/\/drive.google.com\/file\/d\/1FH1QCLJkM3Efpr3tO_IfW0ONq4HP7A9i\/view<\/a><\/li><li><i class=\"ai ai-doi\"><\/i><a class=\"tp_pub_list\" href=\"https:\/\/dx.doi.org\/10.1002\/ppul.26720\" title=\"DOI de seguimiento:10.1002\/ppul.26720\" target=\"_blank\">doi:10.1002\/ppul.26720<\/a><\/li><\/ul><\/div><p class=\"tp_close_menu\"><a class=\"tp_close\" onclick=\"teachpress_pub_showhide('1167','tp_links')\">Cerrar<\/a><\/p><\/div><\/div><\/div><div class=\"tp_publication tp_publication_article\"><div class=\"tp_pub_info\"><p class=\"tp_pub_author\"> Hietakoste, S;  Karhu, T;  Lombardi, C;  Arma\u00f1ac-Juli\u00e1n, P;  Bail\u00f3n, R;  Duce, B;  Sillanm\u00e4ki, S;  T\u00f6yr\u00e4s, J;  Lepp\u00e4nen, T;  Myllymaa, S;  Kainulainen, S<\/p><p class=\"tp_pub_title\"><a class=\"tp_title_link\" onclick=\"teachpress_pub_showhide('1261','tp_links')\" style=\"cursor:pointer;\">Nocturnal short-term heart rate variability reflects impaired daytime vigilance better than overnight heart rate variability in suspected obstructive sleep apnea patients<\/a> <span class=\"tp_pub_type tp_  article\">Art\u00edculo de revista<\/span> <\/p><p class=\"tp_pub_additional\"><span class=\"tp_pub_additional_in\">En: <\/span><span class=\"tp_pub_additional_journal\">SLEEP, <\/span><span class=\"tp_pub_additional_volume\">vol. XX, <\/span><span class=\"tp_pub_additional_pages\">pp. 1\u201312, <\/span><span class=\"tp_pub_additional_year\">2024<\/span>.<\/p><p class=\"tp_pub_menu\"><span class=\"tp_resource_link\"><a id=\"tp_links_sh_1261\" class=\"tp_show\" onclick=\"teachpress_pub_showhide('1261','tp_links')\" title=\"Mostrar enlaces y recursos\" style=\"cursor:pointer;\">Enlaces<\/a><\/span> | <span class=\"tp_bibtex_link\"><a id=\"tp_bibtex_sh_1261\" class=\"tp_show\" onclick=\"teachpress_pub_showhide('1261','tp_bibtex')\" title=\"Mostrar entrada BibTeX \" style=\"cursor:pointer;\">BibTeX<\/a><\/span><\/p><div class=\"tp_bibtex\" id=\"tp_bibtex_1261\" style=\"display:none;\"><div class=\"tp_bibtex_entry\"><pre>@article{Hietakoste24,<br \/>\r\ntitle = {Nocturnal short-term heart rate variability reflects impaired daytime vigilance better than overnight heart rate variability in suspected obstructive sleep apnea patients},<br \/>\r\nauthor = {S Hietakoste and T Karhu and C Lombardi and P Arma\u00f1ac-Juli\u00e1n and R Bail\u00f3n and B Duce and S Sillanm\u00e4ki and J T\u00f6yr\u00e4s and T Lepp\u00e4nen and S Myllymaa and S Kainulainen},<br \/>\r\nurl = {https:\/\/drive.google.com\/file\/d\/1QfLLxU32OXG7f-PlnRDy1ASw226gW-vM\/view},<br \/>\r\ndoi = {10.1093\/sleep\/zsae282},<br \/>\r\nyear  = {2024},<br \/>\r\ndate = {2024-01-01},<br \/>\r\njournal = {SLEEP},<br \/>\r\nvolume = {XX},<br \/>\r\npages = {1\u201312},<br \/>\r\nkeywords = {},<br \/>\r\npubstate = {published},<br \/>\r\ntppubtype = {article}<br \/>\r\n}<br \/>\r\n<\/pre><\/div><p class=\"tp_close_menu\"><a class=\"tp_close\" onclick=\"teachpress_pub_showhide('1261','tp_bibtex')\">Cerrar<\/a><\/p><\/div><div class=\"tp_links\" id=\"tp_links_1261\" style=\"display:none;\"><div class=\"tp_links_entry\"><ul class=\"tp_pub_list\"><li><i class=\"fas fa-globe\"><\/i><a class=\"tp_pub_list\" href=\"https:\/\/drive.google.com\/file\/d\/1QfLLxU32OXG7f-PlnRDy1ASw226gW-vM\/view\" title=\"https:\/\/drive.google.com\/file\/d\/1QfLLxU32OXG7f-PlnRDy1ASw226gW-vM\/view\" target=\"_blank\">https:\/\/drive.google.com\/file\/d\/1QfLLxU32OXG7f-PlnRDy1ASw226gW-vM\/view<\/a><\/li><li><i class=\"ai ai-doi\"><\/i><a class=\"tp_pub_list\" href=\"https:\/\/dx.doi.org\/10.1093\/sleep\/zsae282\" title=\"DOI de seguimiento:10.1093\/sleep\/zsae282\" target=\"_blank\">doi:10.1093\/sleep\/zsae282<\/a><\/li><\/ul><\/div><p class=\"tp_close_menu\"><a class=\"tp_close\" onclick=\"teachpress_pub_showhide('1261','tp_links')\">Cerrar<\/a><\/p><\/div><\/div><\/div><h3 class=\"tp_h3\" id=\"tp_h3_conference\">Conferencias<\/h3><div class=\"tp_publication tp_publication_conference\"><div class=\"tp_pub_info\"><p class=\"tp_pub_author\"> Mart\u00edn-Montero, A;  Arma\u00f1ac-Juli\u00e1n, P;  Garc\u00eda-Vicente, C;  Bail\u00f3n, R;  Gil, E;  Gozal, D;  Penzel, T;  Hornero, R;  Guti\u00e9rrez-Tobal, G C<\/p><p class=\"tp_pub_title\"><a class=\"tp_title_link\" onclick=\"teachpress_pub_showhide('1237','tp_links')\" style=\"cursor:pointer;\">ECG-Derived Respiratory Power Index to Evaluate and Track Pediatric Sleep Apnea<\/a> <span class=\"tp_pub_type tp_  conference\">Conferencia<\/span> <\/p><p class=\"tp_pub_additional\"><span class=\"tp_pub_additional_booktitle\">13th Conference of the European Study Group on Cardiovascular Oscillations (ESGCO), <\/span><span class=\"tp_pub_additional_year\">2024<\/span>.<\/p><p class=\"tp_pub_menu\"><span class=\"tp_resource_link\"><a id=\"tp_links_sh_1237\" class=\"tp_show\" onclick=\"teachpress_pub_showhide('1237','tp_links')\" title=\"Mostrar enlaces y recursos\" style=\"cursor:pointer;\">Enlaces<\/a><\/span> | <span class=\"tp_bibtex_link\"><a id=\"tp_bibtex_sh_1237\" class=\"tp_show\" onclick=\"teachpress_pub_showhide('1237','tp_bibtex')\" title=\"Mostrar entrada BibTeX \" style=\"cursor:pointer;\">BibTeX<\/a><\/span><\/p><div class=\"tp_bibtex\" id=\"tp_bibtex_1237\" style=\"display:none;\"><div class=\"tp_bibtex_entry\"><pre>@conference{esgco24_AMartin,<br \/>\r\ntitle = {ECG-Derived Respiratory Power Index to Evaluate and Track Pediatric Sleep Apnea},<br \/>\r\nauthor = {A Mart\u00edn-Montero and P Arma\u00f1ac-Juli\u00e1n and C Garc\u00eda-Vicente and R Bail\u00f3n and E Gil and D Gozal and T Penzel and R Hornero and G C Guti\u00e9rrez-Tobal},<br \/>\r\nurl = {https:\/\/drive.google.com\/file\/d\/1UbB-T4cyNk7dCsVYDVag1LOxjlE6hjpM\/view},<br \/>\r\nyear  = {2024},<br \/>\r\ndate = {2024-01-01},<br \/>\r\nbooktitle = {13th Conference of the European Study Group on Cardiovascular Oscillations (ESGCO)},<br \/>\r\nkeywords = {},<br \/>\r\npubstate = {published},<br \/>\r\ntppubtype = {conference}<br \/>\r\n}<br \/>\r\n<\/pre><\/div><p class=\"tp_close_menu\"><a class=\"tp_close\" onclick=\"teachpress_pub_showhide('1237','tp_bibtex')\">Cerrar<\/a><\/p><\/div><div class=\"tp_links\" id=\"tp_links_1237\" style=\"display:none;\"><div class=\"tp_links_entry\"><ul class=\"tp_pub_list\"><li><i class=\"fas fa-globe\"><\/i><a class=\"tp_pub_list\" href=\"https:\/\/drive.google.com\/file\/d\/1UbB-T4cyNk7dCsVYDVag1LOxjlE6hjpM\/view\" title=\"https:\/\/drive.google.com\/file\/d\/1UbB-T4cyNk7dCsVYDVag1LOxjlE6hjpM\/view\" target=\"_blank\">https:\/\/drive.google.com\/file\/d\/1UbB-T4cyNk7dCsVYDVag1LOxjlE6hjpM\/view<\/a><\/li><\/ul><\/div><p class=\"tp_close_menu\"><a class=\"tp_close\" onclick=\"teachpress_pub_showhide('1237','tp_links')\">Cerrar<\/a><\/p><\/div><\/div><\/div><div class=\"tp_publication tp_publication_conference\"><div class=\"tp_pub_info\"><p class=\"tp_pub_author\"> Arma\u00f1ac-Juli\u00e1n, P;  Lazaro, J;  Gil, E;  Bail\u00f3n, R<\/p><p class=\"tp_pub_title\"><a class=\"tp_title_link\" onclick=\"teachpress_pub_showhide('1239','tp_links')\" style=\"cursor:pointer;\">Sex Differences in Beat-to-Beat Heart Rate Response to Systolic Pressure Increases<\/a> <span class=\"tp_pub_type tp_  conference\">Conferencia<\/span> <\/p><p class=\"tp_pub_additional\"><span class=\"tp_pub_additional_booktitle\">13th Conference of the European Study Group on Cardiovascular Oscillations (ESGCO), <\/span><span class=\"tp_pub_additional_year\">2024<\/span>.<\/p><p class=\"tp_pub_menu\"><span class=\"tp_resource_link\"><a id=\"tp_links_sh_1239\" class=\"tp_show\" onclick=\"teachpress_pub_showhide('1239','tp_links')\" title=\"Mostrar enlaces y recursos\" style=\"cursor:pointer;\">Enlaces<\/a><\/span> | <span class=\"tp_bibtex_link\"><a id=\"tp_bibtex_sh_1239\" class=\"tp_show\" onclick=\"teachpress_pub_showhide('1239','tp_bibtex')\" title=\"Mostrar entrada BibTeX \" style=\"cursor:pointer;\">BibTeX<\/a><\/span><\/p><div class=\"tp_bibtex\" id=\"tp_bibtex_1239\" style=\"display:none;\"><div class=\"tp_bibtex_entry\"><pre>@conference{esgco24_PArmanac,<br \/>\r\ntitle = {Sex Differences in Beat-to-Beat Heart Rate Response to Systolic Pressure Increases},<br \/>\r\nauthor = {P Arma\u00f1ac-Juli\u00e1n and J Lazaro and E Gil and R Bail\u00f3n},<br \/>\r\nurl = {https:\/\/drive.google.com\/file\/d\/1Cn_dNZdR1ZyRKofqVdbG9HQkko-Jov-l\/view},<br \/>\r\nyear  = {2024},<br \/>\r\ndate = {2024-01-01},<br \/>\r\nbooktitle = {13th Conference of the European Study Group on Cardiovascular Oscillations (ESGCO)},<br \/>\r\nkeywords = {},<br \/>\r\npubstate = {published},<br \/>\r\ntppubtype = {conference}<br \/>\r\n}<br \/>\r\n<\/pre><\/div><p class=\"tp_close_menu\"><a class=\"tp_close\" onclick=\"teachpress_pub_showhide('1239','tp_bibtex')\">Cerrar<\/a><\/p><\/div><div class=\"tp_links\" id=\"tp_links_1239\" style=\"display:none;\"><div class=\"tp_links_entry\"><ul class=\"tp_pub_list\"><li><i class=\"fas fa-globe\"><\/i><a class=\"tp_pub_list\" href=\"https:\/\/drive.google.com\/file\/d\/1Cn_dNZdR1ZyRKofqVdbG9HQkko-Jov-l\/view\" title=\"https:\/\/drive.google.com\/file\/d\/1Cn_dNZdR1ZyRKofqVdbG9HQkko-Jov-l\/view\" target=\"_blank\">https:\/\/drive.google.com\/file\/d\/1Cn_dNZdR1ZyRKofqVdbG9HQkko-Jov-l\/view<\/a><\/li><\/ul><\/div><p class=\"tp_close_menu\"><a class=\"tp_close\" onclick=\"teachpress_pub_showhide('1239','tp_links')\">Cerrar<\/a><\/p><\/div><\/div><\/div><div class=\"tp_publication tp_publication_conference\"><div class=\"tp_pub_info\"><p class=\"tp_pub_author\"> Hietakoste, S;  Arma\u00f1ac-Juli\u00e1n, P;  Karhu, T;  Bail\u00f3n, R;  Sillanm\u00e4ki, S;  T\u00f6yr\u00e4s, J;  Lepp\u00e4nen, T;  Myllymaa, S;  Kainulainen, S<\/p><p class=\"tp_pub_title\"><a class=\"tp_title_link\" onclick=\"teachpress_pub_showhide('1243','tp_links')\" style=\"cursor:pointer;\">Worsening hypoxic load impairs cardiorespiratory coupling<\/a> <span class=\"tp_pub_type tp_  conference\">Conferencia<\/span> <\/p><p class=\"tp_pub_additional\"><span class=\"tp_pub_additional_booktitle\">13th Conference of the European Study Group on Cardiovascular Oscillations (ESGCO), <\/span><span class=\"tp_pub_additional_year\">2024<\/span>.<\/p><p class=\"tp_pub_menu\"><span class=\"tp_resource_link\"><a id=\"tp_links_sh_1243\" class=\"tp_show\" onclick=\"teachpress_pub_showhide('1243','tp_links')\" title=\"Mostrar enlaces y recursos\" style=\"cursor:pointer;\">Enlaces<\/a><\/span> | <span class=\"tp_bibtex_link\"><a id=\"tp_bibtex_sh_1243\" class=\"tp_show\" onclick=\"teachpress_pub_showhide('1243','tp_bibtex')\" title=\"Mostrar entrada BibTeX \" style=\"cursor:pointer;\">BibTeX<\/a><\/span><\/p><div class=\"tp_bibtex\" id=\"tp_bibtex_1243\" style=\"display:none;\"><div class=\"tp_bibtex_entry\"><pre>@conference{esgco24_SHietakoste,<br \/>\r\ntitle = {Worsening hypoxic load impairs cardiorespiratory coupling},<br \/>\r\nauthor = {S Hietakoste and P Arma\u00f1ac-Juli\u00e1n and T Karhu and R Bail\u00f3n and S Sillanm\u00e4ki and J T\u00f6yr\u00e4s and T Lepp\u00e4nen and S Myllymaa and S Kainulainen},<br \/>\r\nurl = {https:\/\/drive.google.com\/file\/d\/1XbUr1j-h6dNpTbqZCLualhEQf0fBPqu9\/view},<br \/>\r\nyear  = {2024},<br \/>\r\ndate = {2024-01-01},<br \/>\r\nbooktitle = {13th Conference of the European Study Group on Cardiovascular Oscillations (ESGCO)},<br \/>\r\nkeywords = {},<br \/>\r\npubstate = {published},<br \/>\r\ntppubtype = {conference}<br \/>\r\n}<br \/>\r\n<\/pre><\/div><p class=\"tp_close_menu\"><a class=\"tp_close\" onclick=\"teachpress_pub_showhide('1243','tp_bibtex')\">Cerrar<\/a><\/p><\/div><div class=\"tp_links\" id=\"tp_links_1243\" style=\"display:none;\"><div class=\"tp_links_entry\"><ul class=\"tp_pub_list\"><li><i class=\"fas fa-globe\"><\/i><a class=\"tp_pub_list\" href=\"https:\/\/drive.google.com\/file\/d\/1XbUr1j-h6dNpTbqZCLualhEQf0fBPqu9\/view\" title=\"https:\/\/drive.google.com\/file\/d\/1XbUr1j-h6dNpTbqZCLualhEQf0fBPqu9\/view\" target=\"_blank\">https:\/\/drive.google.com\/file\/d\/1XbUr1j-h6dNpTbqZCLualhEQf0fBPqu9\/view<\/a><\/li><\/ul><\/div><p class=\"tp_close_menu\"><a class=\"tp_close\" onclick=\"teachpress_pub_showhide('1243','tp_links')\">Cerrar<\/a><\/p><\/div><\/div><\/div><div class=\"tp_publication tp_publication_conference\"><div class=\"tp_pub_info\"><p class=\"tp_pub_author\"> Barquero, A;  Arma\u00f1ac-Juli\u00e1n, P;  Bail\u00f3n, R;  Lazaro, J;  Gil, E;  Hernando, D<\/p><p class=\"tp_pub_title\"><a class=\"tp_title_link\" onclick=\"teachpress_pub_showhide('1244','tp_links')\" style=\"cursor:pointer;\">Validating a PPG Device for Estimating Heart Rate in Various Activity Conditions<\/a> <span class=\"tp_pub_type tp_  conference\">Conferencia<\/span> <\/p><p class=\"tp_pub_additional\"><span class=\"tp_pub_additional_booktitle\">13th Conference of the European Study Group on Cardiovascular Oscillations (ESGCO), <\/span><span class=\"tp_pub_additional_year\">2024<\/span>.<\/p><p class=\"tp_pub_menu\"><span class=\"tp_resource_link\"><a id=\"tp_links_sh_1244\" class=\"tp_show\" onclick=\"teachpress_pub_showhide('1244','tp_links')\" title=\"Mostrar enlaces y recursos\" style=\"cursor:pointer;\">Enlaces<\/a><\/span> | <span class=\"tp_bibtex_link\"><a id=\"tp_bibtex_sh_1244\" class=\"tp_show\" onclick=\"teachpress_pub_showhide('1244','tp_bibtex')\" title=\"Mostrar entrada BibTeX \" style=\"cursor:pointer;\">BibTeX<\/a><\/span><\/p><div class=\"tp_bibtex\" id=\"tp_bibtex_1244\" style=\"display:none;\"><div class=\"tp_bibtex_entry\"><pre>@conference{esgco24_ABarquero,<br \/>\r\ntitle = {Validating a PPG Device for Estimating Heart Rate in Various Activity Conditions},<br \/>\r\nauthor = {A Barquero and P Arma\u00f1ac-Juli\u00e1n and R Bail\u00f3n and J Lazaro and E Gil and D Hernando},<br \/>\r\nurl = {https:\/\/drive.google.com\/file\/d\/1CM9TU-HK7l8yTP66Mgb4eMcZtCin7nOH\/view},<br \/>\r\nyear  = {2024},<br \/>\r\ndate = {2024-01-01},<br \/>\r\nbooktitle = {13th Conference of the European Study Group on Cardiovascular Oscillations (ESGCO)},<br \/>\r\nkeywords = {},<br \/>\r\npubstate = {published},<br \/>\r\ntppubtype = {conference}<br \/>\r\n}<br \/>\r\n<\/pre><\/div><p class=\"tp_close_menu\"><a class=\"tp_close\" onclick=\"teachpress_pub_showhide('1244','tp_bibtex')\">Cerrar<\/a><\/p><\/div><div class=\"tp_links\" id=\"tp_links_1244\" style=\"display:none;\"><div class=\"tp_links_entry\"><ul class=\"tp_pub_list\"><li><i class=\"fas fa-globe\"><\/i><a class=\"tp_pub_list\" href=\"https:\/\/drive.google.com\/file\/d\/1CM9TU-HK7l8yTP66Mgb4eMcZtCin7nOH\/view\" title=\"https:\/\/drive.google.com\/file\/d\/1CM9TU-HK7l8yTP66Mgb4eMcZtCin7nOH\/view\" target=\"_blank\">https:\/\/drive.google.com\/file\/d\/1CM9TU-HK7l8yTP66Mgb4eMcZtCin7nOH\/view<\/a><\/li><\/ul><\/div><p class=\"tp_close_menu\"><a class=\"tp_close\" onclick=\"teachpress_pub_showhide('1244','tp_links')\">Cerrar<\/a><\/p><\/div><\/div><\/div><div class=\"tp_publication tp_publication_conference\"><div class=\"tp_pub_info\"><p class=\"tp_pub_author\"> Barquero, A;  Garc\u00eda, E;  Kontaxis, S;  Siddi, S;  Cummins, N;  Vairavan, S;  Matcham, F;  Hotopf, M;  Lamers, F;  Penninx, B;  Dobson, R;  Narayan, V;  Bail\u00f3n, R;  Arma\u00f1ac-Juli\u00e1n, P;  Consortium, RADAR-CNS<\/p><p class=\"tp_pub_title\"><a class=\"tp_title_link\" onclick=\"teachpress_pub_showhide('1251','tp_links')\" style=\"cursor:pointer;\">Relaci\u00f3n entre la Actividad F\u00edsica y el Ritmo Card\u00edaco Registrados por un Wearable de Pulsera en Pacientes con Depresi\u00f3n<\/a> <span class=\"tp_pub_type tp_  conference\">Conferencia<\/span> <\/p><p class=\"tp_pub_additional\"><span class=\"tp_pub_additional_booktitle\">Proceedings CASEIB 2024, <\/span><span class=\"tp_pub_additional_year\">2024<\/span>.<\/p><p class=\"tp_pub_menu\"><span class=\"tp_resource_link\"><a id=\"tp_links_sh_1251\" class=\"tp_show\" onclick=\"teachpress_pub_showhide('1251','tp_links')\" title=\"Mostrar enlaces y recursos\" style=\"cursor:pointer;\">Enlaces<\/a><\/span> | <span class=\"tp_bibtex_link\"><a id=\"tp_bibtex_sh_1251\" class=\"tp_show\" onclick=\"teachpress_pub_showhide('1251','tp_bibtex')\" title=\"Mostrar entrada BibTeX \" style=\"cursor:pointer;\">BibTeX<\/a><\/span><\/p><div class=\"tp_bibtex\" id=\"tp_bibtex_1251\" style=\"display:none;\"><div class=\"tp_bibtex_entry\"><pre>@conference{caseib24_ABarquero,<br \/>\r\ntitle = {Relaci\u00f3n entre la Actividad F\u00edsica y el Ritmo Card\u00edaco Registrados por un Wearable de Pulsera en Pacientes con Depresi\u00f3n},<br \/>\r\nauthor = {A Barquero and E Garc\u00eda and S Kontaxis and S Siddi and N Cummins and S Vairavan and F Matcham and M Hotopf and F Lamers and B Penninx and R Dobson and V Narayan and R Bail\u00f3n and P Arma\u00f1ac-Juli\u00e1n and RADAR-CNS Consortium},<br \/>\r\nurl = {https:\/\/drive.google.com\/file\/d\/12UOnReIS3gqzxJ9XxmUr8zgwyshGqEpq\/view},<br \/>\r\nyear  = {2024},<br \/>\r\ndate = {2024-01-01},<br \/>\r\nbooktitle = {Proceedings CASEIB 2024},<br \/>\r\nkeywords = {},<br \/>\r\npubstate = {published},<br \/>\r\ntppubtype = {conference}<br \/>\r\n}<br \/>\r\n<\/pre><\/div><p class=\"tp_close_menu\"><a class=\"tp_close\" onclick=\"teachpress_pub_showhide('1251','tp_bibtex')\">Cerrar<\/a><\/p><\/div><div class=\"tp_links\" id=\"tp_links_1251\" style=\"display:none;\"><div class=\"tp_links_entry\"><ul class=\"tp_pub_list\"><li><i class=\"fas fa-globe\"><\/i><a class=\"tp_pub_list\" href=\"https:\/\/drive.google.com\/file\/d\/12UOnReIS3gqzxJ9XxmUr8zgwyshGqEpq\/view\" title=\"https:\/\/drive.google.com\/file\/d\/12UOnReIS3gqzxJ9XxmUr8zgwyshGqEpq\/view\" target=\"_blank\">https:\/\/drive.google.com\/file\/d\/12UOnReIS3gqzxJ9XxmUr8zgwyshGqEpq\/view<\/a><\/li><\/ul><\/div><p class=\"tp_close_menu\"><a class=\"tp_close\" onclick=\"teachpress_pub_showhide('1251','tp_links')\">Cerrar<\/a><\/p><\/div><\/div><\/div><h3 class=\"tp_h3\" id=\"tp_h3_phdthesis\">Tesis doctorales<\/h3><div class=\"tp_publication tp_publication_phdthesis\"><div class=\"tp_pub_info\"><p class=\"tp_pub_author\"> Arma\u00f1ac-Juli\u00e1n, P<\/p><p class=\"tp_pub_title\"><a class=\"tp_title_link\" onclick=\"teachpress_pub_showhide('1168','tp_links')\" style=\"cursor:pointer;\">Cardiovascular Signal Processing Oriented to Long-Term Monitoring<\/a> <span class=\"tp_pub_type tp_  phdthesis\">Tesis doctoral<\/span> <\/p><p class=\"tp_pub_additional\"><span class=\"tp_pub_additional_year\">2024<\/span>.<\/p><p class=\"tp_pub_menu\"><span class=\"tp_resource_link\"><a id=\"tp_links_sh_1168\" class=\"tp_show\" onclick=\"teachpress_pub_showhide('1168','tp_links')\" title=\"Mostrar enlaces y recursos\" style=\"cursor:pointer;\">Enlaces<\/a><\/span> | <span class=\"tp_bibtex_link\"><a id=\"tp_bibtex_sh_1168\" class=\"tp_show\" onclick=\"teachpress_pub_showhide('1168','tp_bibtex')\" title=\"Mostrar entrada BibTeX \" style=\"cursor:pointer;\">BibTeX<\/a><\/span><\/p><div class=\"tp_bibtex\" id=\"tp_bibtex_1168\" style=\"display:none;\"><div class=\"tp_bibtex_entry\"><pre>@phdthesis{Armanac24b,<br \/>\r\ntitle = {Cardiovascular Signal Processing Oriented to Long-Term Monitoring},<br \/>\r\nauthor = {P Arma\u00f1ac-Juli\u00e1n},<br \/>\r\nurl = {https:\/\/drive.google.com\/file\/d\/1aJdKZSm4GV3HmXUmqZWd38zZHtdKUYTM\/view},<br \/>\r\nyear  = {2024},<br \/>\r\ndate = {2024-01-01},<br \/>\r\nurldate = {2024-01-01},<br \/>\r\nkeywords = {},<br \/>\r\npubstate = {published},<br \/>\r\ntppubtype = {phdthesis}<br \/>\r\n}<br \/>\r\n<\/pre><\/div><p class=\"tp_close_menu\"><a class=\"tp_close\" onclick=\"teachpress_pub_showhide('1168','tp_bibtex')\">Cerrar<\/a><\/p><\/div><div class=\"tp_links\" id=\"tp_links_1168\" style=\"display:none;\"><div class=\"tp_links_entry\"><ul class=\"tp_pub_list\"><li><i class=\"fas fa-globe\"><\/i><a class=\"tp_pub_list\" href=\"https:\/\/drive.google.com\/file\/d\/1aJdKZSm4GV3HmXUmqZWd38zZHtdKUYTM\/view\" title=\"https:\/\/drive.google.com\/file\/d\/1aJdKZSm4GV3HmXUmqZWd38zZHtdKUYTM\/view\" target=\"_blank\">https:\/\/drive.google.com\/file\/d\/1aJdKZSm4GV3HmXUmqZWd38zZHtdKUYTM\/view<\/a><\/li><\/ul><\/div><p class=\"tp_close_menu\"><a class=\"tp_close\" onclick=\"teachpress_pub_showhide('1168','tp_links')\">Cerrar<\/a><\/p><\/div><\/div><\/div><h3 class=\"tp_h3\" id=\"tp_h3_2023\">2023<\/h3><h3 class=\"tp_h3\" id=\"tp_h3_article\">Art\u00edculos de revista<\/h3><div class=\"tp_publication tp_publication_article\"><div class=\"tp_pub_info\"><p class=\"tp_pub_author\"> Mart\u00edn-Montero, A;  Arma\u00f1ac-Juli\u00e1n, P;  Gil, E;  Kheirandish-Gozal, L;  \u00c1lvarez, D;  L\u00e1zaro, J;  Bail\u00f3n, R;  Gozal, D;  Laguna, P;  Hornero, R;  Guti\u00e9rrez-Tobal, G C<\/p><p class=\"tp_pub_title\"><a class=\"tp_title_link\" onclick=\"teachpress_pub_showhide('152','tp_links')\" style=\"cursor:pointer;\">Pediatric Sleep Apnea: Characterization of Apneic Events and Sleep Stages Using Heart Rate Variability<\/a> <span class=\"tp_pub_type tp_  article\">Art\u00edculo de revista<\/span> <\/p><p class=\"tp_pub_additional\"><span class=\"tp_pub_additional_in\">En: <\/span><span class=\"tp_pub_additional_journal\">Computers in Biology and Medicine, <\/span><span class=\"tp_pub_additional_year\">2023<\/span>.<\/p><p class=\"tp_pub_menu\"><span class=\"tp_resource_link\"><a id=\"tp_links_sh_152\" class=\"tp_show\" onclick=\"teachpress_pub_showhide('152','tp_links')\" title=\"Mostrar enlaces y recursos\" style=\"cursor:pointer;\">Enlaces<\/a><\/span> | <span class=\"tp_bibtex_link\"><a id=\"tp_bibtex_sh_152\" class=\"tp_show\" onclick=\"teachpress_pub_showhide('152','tp_bibtex')\" title=\"Mostrar entrada BibTeX \" style=\"cursor:pointer;\">BibTeX<\/a><\/span><\/p><div class=\"tp_bibtex\" id=\"tp_bibtex_152\" style=\"display:none;\"><div class=\"tp_bibtex_entry\"><pre>@article{MartinMontero23,<br \/>\r\ntitle = {Pediatric Sleep Apnea: Characterization of Apneic Events and Sleep Stages Using Heart Rate Variability},<br \/>\r\nauthor = {A Mart\u00edn-Montero and P Arma\u00f1ac-Juli\u00e1n and E Gil and L Kheirandish-Gozal and D \u00c1lvarez and J L\u00e1zaro and R Bail\u00f3n and D Gozal and P Laguna and R Hornero and G C Guti\u00e9rrez-Tobal},<br \/>\r\nurl = {https:\/\/drive.google.com\/file\/d\/1wbLFTroIZSoJypEHgbpj_Lyxlt2puEJY\/view},<br \/>\r\ndoi = {10.1016\/j.compbiomed.2023.106549},<br \/>\r\nyear  = {2023},<br \/>\r\ndate = {2023-01-01},<br \/>\r\nurldate = {2023-01-01},<br \/>\r\njournal = {Computers in Biology and Medicine},<br \/>\r\nkeywords = {},<br \/>\r\npubstate = {published},<br \/>\r\ntppubtype = {article}<br \/>\r\n}<br \/>\r\n<\/pre><\/div><p class=\"tp_close_menu\"><a class=\"tp_close\" onclick=\"teachpress_pub_showhide('152','tp_bibtex')\">Cerrar<\/a><\/p><\/div><div class=\"tp_links\" id=\"tp_links_152\" style=\"display:none;\"><div class=\"tp_links_entry\"><ul class=\"tp_pub_list\"><li><i class=\"fas fa-globe\"><\/i><a class=\"tp_pub_list\" href=\"https:\/\/drive.google.com\/file\/d\/1wbLFTroIZSoJypEHgbpj_Lyxlt2puEJY\/view\" title=\"https:\/\/drive.google.com\/file\/d\/1wbLFTroIZSoJypEHgbpj_Lyxlt2puEJY\/view\" target=\"_blank\">https:\/\/drive.google.com\/file\/d\/1wbLFTroIZSoJypEHgbpj_Lyxlt2puEJY\/view<\/a><\/li><li><i class=\"ai ai-doi\"><\/i><a class=\"tp_pub_list\" href=\"https:\/\/dx.doi.org\/10.1016\/j.compbiomed.2023.106549\" title=\"DOI de seguimiento:10.1016\/j.compbiomed.2023.106549\" target=\"_blank\">doi:10.1016\/j.compbiomed.2023.106549<\/a><\/li><\/ul><\/div><p class=\"tp_close_menu\"><a class=\"tp_close\" onclick=\"teachpress_pub_showhide('152','tp_links')\">Cerrar<\/a><\/p><\/div><\/div><\/div><h3 class=\"tp_h3\" id=\"tp_h3_conference\">Conferencias<\/h3><div class=\"tp_publication tp_publication_conference\"><div class=\"tp_pub_info\"><p class=\"tp_pub_author\"> Arma\u00f1ac-Juli\u00e1n, P;  Mart\u00edn-Montero, A;  Hietakoste, S;  L\u00e1zaro, J;  Kainulainen, S;  Gozal, D;  Hornero, R;  Laguna, P;  Guti\u00e9rrez-Tobal, G C;  Gil, E;  Bail\u00f3n, R<\/p><p class=\"tp_pub_title\"><a class=\"tp_title_link\" onclick=\"teachpress_pub_showhide('1128','tp_links')\" style=\"cursor:pointer;\">Characterization of Cardiopulmonary Coupling in Pediatric Patients with Obstructive Sleep Apnea<\/a> <span class=\"tp_pub_type tp_  conference\">Conferencia<\/span> <\/p><p class=\"tp_pub_additional\"><span class=\"tp_pub_additional_booktitle\">Proceedings of the XLIX International Conference on Computing in Cardiology, <\/span><span class=\"tp_pub_additional_address\">Atlanta, USA, <\/span><span class=\"tp_pub_additional_year\">2023<\/span>.<\/p><p class=\"tp_pub_menu\"><span class=\"tp_resource_link\"><a id=\"tp_links_sh_1128\" class=\"tp_show\" onclick=\"teachpress_pub_showhide('1128','tp_links')\" title=\"Mostrar enlaces y recursos\" style=\"cursor:pointer;\">Enlaces<\/a><\/span> | <span class=\"tp_bibtex_link\"><a id=\"tp_bibtex_sh_1128\" class=\"tp_show\" onclick=\"teachpress_pub_showhide('1128','tp_bibtex')\" title=\"Mostrar entrada BibTeX \" style=\"cursor:pointer;\">BibTeX<\/a><\/span><\/p><div class=\"tp_bibtex\" id=\"tp_bibtex_1128\" style=\"display:none;\"><div class=\"tp_bibtex_entry\"><pre>@conference{Armanacc23,<br \/>\r\ntitle = {Characterization of Cardiopulmonary Coupling in Pediatric Patients with Obstructive Sleep Apnea},<br \/>\r\nauthor = {P Arma\u00f1ac-Juli\u00e1n and A Mart\u00edn-Montero and S Hietakoste and J L\u00e1zaro and S Kainulainen and D Gozal and R Hornero and P Laguna and G C Guti\u00e9rrez-Tobal and E Gil and R Bail\u00f3n},<br \/>\r\nurl = {https:\/\/drive.google.com\/file\/d\/1THgQbm04_TMCXNbh6acs2rB6vSe2Qofk\/view},<br \/>\r\ndoi = {10.22489\/CinC.2023.245},<br \/>\r\nyear  = {2023},<br \/>\r\ndate = {2023-01-01},<br \/>\r\nurldate = {2023-01-01},<br \/>\r\nbooktitle = {Proceedings of the XLIX International Conference on Computing in Cardiology},<br \/>\r\naddress = {Atlanta, USA},<br \/>\r\nkeywords = {},<br \/>\r\npubstate = {published},<br \/>\r\ntppubtype = {conference}<br \/>\r\n}<br \/>\r\n<\/pre><\/div><p class=\"tp_close_menu\"><a class=\"tp_close\" onclick=\"teachpress_pub_showhide('1128','tp_bibtex')\">Cerrar<\/a><\/p><\/div><div class=\"tp_links\" id=\"tp_links_1128\" style=\"display:none;\"><div class=\"tp_links_entry\"><ul class=\"tp_pub_list\"><li><i class=\"fas fa-globe\"><\/i><a class=\"tp_pub_list\" href=\"https:\/\/drive.google.com\/file\/d\/1THgQbm04_TMCXNbh6acs2rB6vSe2Qofk\/view\" title=\"https:\/\/drive.google.com\/file\/d\/1THgQbm04_TMCXNbh6acs2rB6vSe2Qofk\/view\" target=\"_blank\">https:\/\/drive.google.com\/file\/d\/1THgQbm04_TMCXNbh6acs2rB6vSe2Qofk\/view<\/a><\/li><li><i class=\"ai ai-doi\"><\/i><a class=\"tp_pub_list\" href=\"https:\/\/dx.doi.org\/10.22489\/CinC.2023.245\" title=\"DOI de seguimiento:10.22489\/CinC.2023.245\" target=\"_blank\">doi:10.22489\/CinC.2023.245<\/a><\/li><\/ul><\/div><p class=\"tp_close_menu\"><a class=\"tp_close\" onclick=\"teachpress_pub_showhide('1128','tp_links')\">Cerrar<\/a><\/p><\/div><\/div><\/div><div class=\"tp_publication tp_publication_conference\"><div class=\"tp_pub_info\"><p class=\"tp_pub_author\"> Arma\u00f1ac-Juli\u00e1n, P;  Mart\u00edn-Montero, A;  Hietakoste, S;  L\u00e1zaro, J;  Kainulainen, S;  Gozal, D;  Hornero, R;  Laguna, P;  Guti\u00e9rrez-Tobal, G;  Gil, E;  Bail\u00f3n, R<\/p><p class=\"tp_pub_title\"><a class=\"tp_title_link\" onclick=\"teachpress_pub_showhide('1226','tp_links')\" style=\"cursor:pointer;\">Caracterizaci\u00f3n del Acoplo Cardiopulmonar en Pacientes Pedi\u00e1tricos con Apnea Obstructiva del Sue\u00f1o<\/a> <span class=\"tp_pub_type tp_  conference\">Conferencia<\/span> <\/p><p class=\"tp_pub_additional\"><span class=\"tp_pub_additional_booktitle\">Congreso de la Sociedad Espa\u00f1ola de Ingenier\u00eda Biom\u00e9dica CASEIB, <\/span><span class=\"tp_pub_additional_address\">Cartagena, Espa\u00f1a, <\/span><span class=\"tp_pub_additional_year\">2023<\/span>.<\/p><p class=\"tp_pub_menu\"><span class=\"tp_resource_link\"><a id=\"tp_links_sh_1226\" class=\"tp_show\" onclick=\"teachpress_pub_showhide('1226','tp_links')\" title=\"Mostrar enlaces y recursos\" style=\"cursor:pointer;\">Enlaces<\/a><\/span> | <span class=\"tp_bibtex_link\"><a id=\"tp_bibtex_sh_1226\" class=\"tp_show\" onclick=\"teachpress_pub_showhide('1226','tp_bibtex')\" title=\"Mostrar entrada BibTeX \" style=\"cursor:pointer;\">BibTeX<\/a><\/span><\/p><div class=\"tp_bibtex\" id=\"tp_bibtex_1226\" style=\"display:none;\"><div class=\"tp_bibtex_entry\"><pre>@conference{armanac_c23,<br \/>\r\ntitle = {Caracterizaci\u00f3n del Acoplo Cardiopulmonar en Pacientes Pedi\u00e1tricos con Apnea Obstructiva del Sue\u00f1o},<br \/>\r\nauthor = {P Arma\u00f1ac-Juli\u00e1n and A Mart\u00edn-Montero and S Hietakoste and J L\u00e1zaro and S Kainulainen and D Gozal and R Hornero and P Laguna and G Guti\u00e9rrez-Tobal and E Gil and R Bail\u00f3n},<br \/>\r\nurl = {https:\/\/drive.google.com\/file\/d\/1Jfi4BXTQ5u2UtopOzqjx66fhXQE6BucR\/view},<br \/>\r\nyear  = {2023},<br \/>\r\ndate = {2023-01-01},<br \/>\r\nbooktitle = {Congreso de la Sociedad Espa\u00f1ola de Ingenier\u00eda Biom\u00e9dica CASEIB},<br \/>\r\npages = {545-549},<br \/>\r\naddress = {Cartagena, Espa\u00f1a},<br \/>\r\nkeywords = {},<br \/>\r\npubstate = {published},<br \/>\r\ntppubtype = {conference}<br \/>\r\n}<br \/>\r\n<\/pre><\/div><p class=\"tp_close_menu\"><a class=\"tp_close\" onclick=\"teachpress_pub_showhide('1226','tp_bibtex')\">Cerrar<\/a><\/p><\/div><div class=\"tp_links\" id=\"tp_links_1226\" style=\"display:none;\"><div class=\"tp_links_entry\"><ul class=\"tp_pub_list\"><li><i class=\"fas fa-globe\"><\/i><a class=\"tp_pub_list\" href=\"https:\/\/drive.google.com\/file\/d\/1Jfi4BXTQ5u2UtopOzqjx66fhXQE6BucR\/view\" title=\"https:\/\/drive.google.com\/file\/d\/1Jfi4BXTQ5u2UtopOzqjx66fhXQE6BucR\/view\" target=\"_blank\">https:\/\/drive.google.com\/file\/d\/1Jfi4BXTQ5u2UtopOzqjx66fhXQE6BucR\/view<\/a><\/li><\/ul><\/div><p class=\"tp_close_menu\"><a class=\"tp_close\" onclick=\"teachpress_pub_showhide('1226','tp_links')\">Cerrar<\/a><\/p><\/div><\/div><\/div><h3 class=\"tp_h3\" id=\"tp_h3_2022\">2022<\/h3><h3 class=\"tp_h3\" id=\"tp_h3_article\">Art\u00edculos de revista<\/h3><div class=\"tp_publication tp_publication_article\"><div class=\"tp_pub_info\"><p class=\"tp_pub_author\"> Arma\u00f1ac, P;  Kontaxis, S;  Rapalis, A;  Marozas, V;  Laguna, P;  Bail\u00f3n, R;  Gil, E;  L\u00e1zaro, J<\/p><p class=\"tp_pub_title\"><a class=\"tp_title_link\" onclick=\"teachpress_pub_showhide('200','tp_links')\" style=\"cursor:pointer;\">Reliability of Pulse Photoplethysmography Sensors: Coverage Using Different Setups and Body Locations<\/a> <span class=\"tp_pub_type tp_  article\">Art\u00edculo de revista<\/span> <\/p><p class=\"tp_pub_additional\"><span class=\"tp_pub_additional_in\">En: <\/span><span class=\"tp_pub_additional_journal\">Frontiers in Electronics, <\/span><span class=\"tp_pub_additional_year\">2022<\/span>.<\/p><p class=\"tp_pub_menu\"><span class=\"tp_resource_link\"><a id=\"tp_links_sh_200\" class=\"tp_show\" onclick=\"teachpress_pub_showhide('200','tp_links')\" title=\"Mostrar enlaces y recursos\" style=\"cursor:pointer;\">Enlaces<\/a><\/span> | <span class=\"tp_bibtex_link\"><a id=\"tp_bibtex_sh_200\" class=\"tp_show\" onclick=\"teachpress_pub_showhide('200','tp_bibtex')\" title=\"Mostrar entrada BibTeX \" style=\"cursor:pointer;\">BibTeX<\/a><\/span><\/p><div class=\"tp_bibtex\" id=\"tp_bibtex_200\" style=\"display:none;\"><div class=\"tp_bibtex_entry\"><pre>@article{Armanac22b,<br \/>\r\ntitle = {Reliability of Pulse Photoplethysmography Sensors: Coverage Using Different Setups and Body Locations},<br \/>\r\nauthor = {P Arma\u00f1ac and S Kontaxis and A Rapalis and V Marozas and P Laguna and R Bail\u00f3n and E Gil and J L\u00e1zaro},<br \/>\r\nurl = {https:\/\/drive.google.com\/file\/d\/1e5VEJhvCUZa_v3M71EuizHUlUR50jh7H\/view},<br \/>\r\ndoi = {10.3389\/felec.2022.906324},<br \/>\r\nyear  = {2022},<br \/>\r\ndate = {2022-01-01},<br \/>\r\nurldate = {2022-01-01},<br \/>\r\njournal = {Frontiers in Electronics},<br \/>\r\nkeywords = {},<br \/>\r\npubstate = {published},<br \/>\r\ntppubtype = {article}<br \/>\r\n}<br \/>\r\n<\/pre><\/div><p class=\"tp_close_menu\"><a class=\"tp_close\" onclick=\"teachpress_pub_showhide('200','tp_bibtex')\">Cerrar<\/a><\/p><\/div><div class=\"tp_links\" id=\"tp_links_200\" style=\"display:none;\"><div class=\"tp_links_entry\"><ul class=\"tp_pub_list\"><li><i class=\"fas fa-globe\"><\/i><a class=\"tp_pub_list\" href=\"https:\/\/drive.google.com\/file\/d\/1e5VEJhvCUZa_v3M71EuizHUlUR50jh7H\/view\" title=\"https:\/\/drive.google.com\/file\/d\/1e5VEJhvCUZa_v3M71EuizHUlUR50jh7H\/view\" target=\"_blank\">https:\/\/drive.google.com\/file\/d\/1e5VEJhvCUZa_v3M71EuizHUlUR50jh7H\/view<\/a><\/li><li><i class=\"ai ai-doi\"><\/i><a class=\"tp_pub_list\" href=\"https:\/\/dx.doi.org\/10.3389\/felec.2022.906324\" title=\"DOI de seguimiento:10.3389\/felec.2022.906324\" target=\"_blank\">doi:10.3389\/felec.2022.906324<\/a><\/li><\/ul><\/div><p class=\"tp_close_menu\"><a class=\"tp_close\" onclick=\"teachpress_pub_showhide('200','tp_links')\">Cerrar<\/a><\/p><\/div><\/div><\/div><h3 class=\"tp_h3\" id=\"tp_h3_conference\">Conferencias<\/h3><div class=\"tp_publication tp_publication_conference\"><div class=\"tp_pub_info\"><p class=\"tp_pub_author\"> Arma\u00f1ac-Juli\u00e1n, P;  Mart\u00edn-Montero, A;  L\u00e1zaro, J;  Kontaxis, S;  \u00c1lvarez, D;  Gozal, D;  Hornero, R;  Laguna, P;  Guti\u00e9rrez-Tobal, G;  Bail\u00f3n, R;  Gil, E<\/p><p class=\"tp_pub_title\"><a class=\"tp_title_link\" onclick=\"teachpress_pub_showhide('213','tp_links')\" style=\"cursor:pointer;\">Changes in HRV metrics during sleep apnea episodes in children<\/a> <span class=\"tp_pub_type tp_  conference\">Conferencia<\/span> <\/p><p class=\"tp_pub_additional\"><span class=\"tp_pub_additional_booktitle\">European Study Group on Cardiovascular Oscillations (ESGCO), <\/span><span class=\"tp_pub_additional_address\">\u0160trbsk\u00e9 Pleso (Slovakia), <\/span><span class=\"tp_pub_additional_year\">2022<\/span>.<\/p><p class=\"tp_pub_menu\"><span class=\"tp_resource_link\"><a id=\"tp_links_sh_213\" class=\"tp_show\" onclick=\"teachpress_pub_showhide('213','tp_links')\" title=\"Mostrar enlaces y recursos\" style=\"cursor:pointer;\">Enlaces<\/a><\/span> | <span class=\"tp_bibtex_link\"><a id=\"tp_bibtex_sh_213\" class=\"tp_show\" onclick=\"teachpress_pub_showhide('213','tp_bibtex')\" title=\"Mostrar entrada BibTeX \" style=\"cursor:pointer;\">BibTeX<\/a><\/span><\/p><div class=\"tp_bibtex\" id=\"tp_bibtex_213\" style=\"display:none;\"><div class=\"tp_bibtex_entry\"><pre>@conference{Armanac_c22a,<br \/>\r\ntitle = {Changes in HRV metrics during sleep apnea episodes in children},<br \/>\r\nauthor = {P Arma\u00f1ac-Juli\u00e1n and A Mart\u00edn-Montero and J L\u00e1zaro and S Kontaxis and D \u00c1lvarez and D Gozal and R Hornero and P Laguna and G Guti\u00e9rrez-Tobal and R Bail\u00f3n and E Gil},<br \/>\r\nurl = {https:\/\/drive.google.com\/file\/d\/1CKL5XDK_PHHcPR1ytUsVmPeNOsDMsB95\/view},<br \/>\r\nyear  = {2022},<br \/>\r\ndate = {2022-01-01},<br \/>\r\nbooktitle = {European Study Group on Cardiovascular Oscillations (ESGCO)},<br \/>\r\naddress = {\u0160trbsk\u00e9 Pleso (Slovakia)},<br \/>\r\nkeywords = {},<br \/>\r\npubstate = {published},<br \/>\r\ntppubtype = {conference}<br \/>\r\n}<br \/>\r\n<\/pre><\/div><p class=\"tp_close_menu\"><a class=\"tp_close\" onclick=\"teachpress_pub_showhide('213','tp_bibtex')\">Cerrar<\/a><\/p><\/div><div class=\"tp_links\" id=\"tp_links_213\" style=\"display:none;\"><div class=\"tp_links_entry\"><ul class=\"tp_pub_list\"><li><i class=\"fas fa-globe\"><\/i><a class=\"tp_pub_list\" href=\"https:\/\/drive.google.com\/file\/d\/1CKL5XDK_PHHcPR1ytUsVmPeNOsDMsB95\/view\" title=\"https:\/\/drive.google.com\/file\/d\/1CKL5XDK_PHHcPR1ytUsVmPeNOsDMsB95\/view\" target=\"_blank\">https:\/\/drive.google.com\/file\/d\/1CKL5XDK_PHHcPR1ytUsVmPeNOsDMsB95\/view<\/a><\/li><\/ul><\/div><p class=\"tp_close_menu\"><a class=\"tp_close\" onclick=\"teachpress_pub_showhide('213','tp_links')\">Cerrar<\/a><\/p><\/div><\/div><\/div><h3 class=\"tp_h3\" id=\"tp_h3_2021\">2021<\/h3><h3 class=\"tp_h3\" id=\"tp_h3_article\">Art\u00edculos de revista<\/h3><div class=\"tp_publication tp_publication_article\"><div class=\"tp_pub_info\"><p class=\"tp_pub_author\"> Arma\u00f1ac, P;  Hernando, D;  L\u00e1zaro, J;  Haro, C;  Magrans, R;  Morales, J;  Moeyersons, J;  Sarlabous, L;  L\u00f3pez-Aguilar, J;  Subira, C;  Fernandez, R;  Orini, M;  Laguna, P;  Varon, C;  Gil, E;  Bail\u00f3n, R;  Blanch, L<\/p><p class=\"tp_pub_title\"><a class=\"tp_title_link\" onclick=\"teachpress_pub_showhide('274','tp_links')\" style=\"cursor:pointer;\">Cardiopulmonary Coupling Indices to Assess Weaning Readiness from Mechanical Ventilation<\/a> <span class=\"tp_pub_type tp_  article\">Art\u00edculo de revista<\/span> <\/p><p class=\"tp_pub_additional\"><span class=\"tp_pub_additional_in\">En: <\/span><span class=\"tp_pub_additional_journal\">Scientific Reports, <\/span><span class=\"tp_pub_additional_volume\">vol. 11:16014, <\/span><span class=\"tp_pub_additional_year\">2021<\/span>.<\/p><p class=\"tp_pub_menu\"><span class=\"tp_resource_link\"><a id=\"tp_links_sh_274\" class=\"tp_show\" onclick=\"teachpress_pub_showhide('274','tp_links')\" title=\"Mostrar enlaces y recursos\" style=\"cursor:pointer;\">Enlaces<\/a><\/span> | <span class=\"tp_bibtex_link\"><a id=\"tp_bibtex_sh_274\" class=\"tp_show\" onclick=\"teachpress_pub_showhide('274','tp_bibtex')\" title=\"Mostrar entrada BibTeX \" style=\"cursor:pointer;\">BibTeX<\/a><\/span><\/p><div class=\"tp_bibtex\" id=\"tp_bibtex_274\" style=\"display:none;\"><div class=\"tp_bibtex_entry\"><pre>@article{Armanac21,<br \/>\r\ntitle = {Cardiopulmonary Coupling Indices to Assess Weaning Readiness from Mechanical Ventilation},<br \/>\r\nauthor = {P Arma\u00f1ac and D Hernando and J L\u00e1zaro and C Haro and R Magrans and J Morales and J Moeyersons and L Sarlabous and J L\u00f3pez-Aguilar and C Subira and R Fernandez and M Orini and P Laguna and C Varon and E Gil and R Bail\u00f3n and L Blanch},<br \/>\r\nurl = {https:\/\/drive.google.com\/file\/d\/1WY99Ew2a0_5gqcsiXtW2WQTfi1TZmx04\/view},<br \/>\r\ndoi = {10.1038\/s41598-021-95282-2},<br \/>\r\nyear  = {2021},<br \/>\r\ndate = {2021-01-01},<br \/>\r\nurldate = {2021-01-01},<br \/>\r\njournal = {Scientific Reports},<br \/>\r\nvolume = {11:16014},<br \/>\r\nkeywords = {},<br \/>\r\npubstate = {published},<br \/>\r\ntppubtype = {article}<br \/>\r\n}<br \/>\r\n<\/pre><\/div><p class=\"tp_close_menu\"><a class=\"tp_close\" onclick=\"teachpress_pub_showhide('274','tp_bibtex')\">Cerrar<\/a><\/p><\/div><div class=\"tp_links\" id=\"tp_links_274\" style=\"display:none;\"><div class=\"tp_links_entry\"><ul class=\"tp_pub_list\"><li><i class=\"fas fa-globe\"><\/i><a class=\"tp_pub_list\" href=\"https:\/\/drive.google.com\/file\/d\/1WY99Ew2a0_5gqcsiXtW2WQTfi1TZmx04\/view\" title=\"https:\/\/drive.google.com\/file\/d\/1WY99Ew2a0_5gqcsiXtW2WQTfi1TZmx04\/view\" target=\"_blank\">https:\/\/drive.google.com\/file\/d\/1WY99Ew2a0_5gqcsiXtW2WQTfi1TZmx04\/view<\/a><\/li><li><i class=\"ai ai-doi\"><\/i><a class=\"tp_pub_list\" href=\"https:\/\/dx.doi.org\/10.1038\/s41598-021-95282-2\" title=\"DOI de seguimiento:10.1038\/s41598-021-95282-2\" target=\"_blank\">doi:10.1038\/s41598-021-95282-2<\/a><\/li><\/ul><\/div><p class=\"tp_close_menu\"><a class=\"tp_close\" onclick=\"teachpress_pub_showhide('274','tp_links')\">Cerrar<\/a><\/p><\/div><\/div><\/div><h3 class=\"tp_h3\" id=\"tp_h3_2020\">2020<\/h3><h3 class=\"tp_h3\" id=\"tp_h3_article\">Art\u00edculos de revista<\/h3><div class=\"tp_publication tp_publication_article\"><div class=\"tp_pub_info\"><p class=\"tp_pub_author\"> Morales, J;  Moeyersons, J;  Arma\u00f1ac, P;  Orini, M;  Faes, L;  Overeem, S;  Gilst, M Van;  Dijk, J Van;  Huffel, S Van;  Bail\u00f3n, R;  Varon, C<\/p><p class=\"tp_pub_title\"><a class=\"tp_title_link\" onclick=\"teachpress_pub_showhide('357','tp_links')\" style=\"cursor:pointer;\">Model-Based Evaluation of Methods for Respiratory Sinus Arrhythmia Estimation<\/a> <span class=\"tp_pub_type tp_  article\">Art\u00edculo de revista<\/span> <\/p><p class=\"tp_pub_additional\"><span class=\"tp_pub_additional_in\">En: <\/span><span class=\"tp_pub_additional_journal\">IEEE Trans Biomed Eng, <\/span><span class=\"tp_pub_additional_volume\">vol. 68, <\/span><span class=\"tp_pub_additional_number\">no 6, <\/span><span class=\"tp_pub_additional_pages\">pp. 1882-1893, <\/span><span class=\"tp_pub_additional_year\">2020<\/span>.<\/p><p class=\"tp_pub_menu\"><span class=\"tp_resource_link\"><a id=\"tp_links_sh_357\" class=\"tp_show\" onclick=\"teachpress_pub_showhide('357','tp_links')\" title=\"Mostrar enlaces y recursos\" style=\"cursor:pointer;\">Enlaces<\/a><\/span> | <span class=\"tp_bibtex_link\"><a id=\"tp_bibtex_sh_357\" class=\"tp_show\" onclick=\"teachpress_pub_showhide('357','tp_bibtex')\" title=\"Mostrar entrada BibTeX \" style=\"cursor:pointer;\">BibTeX<\/a><\/span><\/p><div class=\"tp_bibtex\" id=\"tp_bibtex_357\" style=\"display:none;\"><div class=\"tp_bibtex_entry\"><pre>@article{Morales20,<br \/>\r\ntitle = {Model-Based Evaluation of Methods for Respiratory Sinus Arrhythmia Estimation},<br \/>\r\nauthor = {J Morales and J Moeyersons and P Arma\u00f1ac and M Orini and L Faes and S Overeem and M Van Gilst and J Van Dijk and S Van Huffel and R Bail\u00f3n and C Varon},<br \/>\r\nurl = {https:\/\/drive.google.com\/file\/d\/1WcH609paiFQ5dnXg-ze8NXBnZxgwYuTe\/view},<br \/>\r\ndoi = {10.1109\/TBME.2020.3028204},<br \/>\r\nyear  = {2020},<br \/>\r\ndate = {2020-01-01},<br \/>\r\njournal = {IEEE Trans Biomed Eng},<br \/>\r\nvolume = {68},<br \/>\r\nnumber = {6},<br \/>\r\npages = {1882-1893},<br \/>\r\nkeywords = {},<br \/>\r\npubstate = {published},<br \/>\r\ntppubtype = {article}<br \/>\r\n}<br \/>\r\n<\/pre><\/div><p class=\"tp_close_menu\"><a class=\"tp_close\" onclick=\"teachpress_pub_showhide('357','tp_bibtex')\">Cerrar<\/a><\/p><\/div><div class=\"tp_links\" id=\"tp_links_357\" style=\"display:none;\"><div class=\"tp_links_entry\"><ul class=\"tp_pub_list\"><li><i class=\"fas fa-globe\"><\/i><a class=\"tp_pub_list\" href=\"https:\/\/drive.google.com\/file\/d\/1WcH609paiFQ5dnXg-ze8NXBnZxgwYuTe\/view\" title=\"https:\/\/drive.google.com\/file\/d\/1WcH609paiFQ5dnXg-ze8NXBnZxgwYuTe\/view\" target=\"_blank\">https:\/\/drive.google.com\/file\/d\/1WcH609paiFQ5dnXg-ze8NXBnZxgwYuTe\/view<\/a><\/li><li><i class=\"ai ai-doi\"><\/i><a class=\"tp_pub_list\" href=\"https:\/\/dx.doi.org\/10.1109\/TBME.2020.3028204\" title=\"DOI de seguimiento:10.1109\/TBME.2020.3028204\" target=\"_blank\">doi:10.1109\/TBME.2020.3028204<\/a><\/li><\/ul><\/div><p class=\"tp_close_menu\"><a class=\"tp_close\" onclick=\"teachpress_pub_showhide('357','tp_links')\">Cerrar<\/a><\/p><\/div><\/div><\/div><h3 class=\"tp_h3\" id=\"tp_h3_conference\">Conferencias<\/h3><div class=\"tp_publication tp_publication_conference\"><div class=\"tp_pub_info\"><p class=\"tp_pub_author\"> Arma\u00f1ac, P;  Hernando, D;  L\u00e1zaro, J;  Haro, C;  Magrans, R;  Sarlabous, L;  L\u00f3pez-Aguilar, J;  Laguna, P;  Gil, E;  Blanch, L;  Bail\u00f3n, R<\/p><p class=\"tp_pub_title\"><a class=\"tp_title_link\" onclick=\"teachpress_pub_showhide('373','tp_links')\" style=\"cursor:pointer;\">Baroreflex Sensitivity Evolution before Weaning From Mechanical Ventilation<\/a> <span class=\"tp_pub_type tp_  conference\">Conferencia<\/span> <\/p><p class=\"tp_pub_additional\"><span class=\"tp_pub_additional_booktitle\">Proceedings of the XLVII International Conference on Computing in Cardiology, <\/span><span class=\"tp_pub_additional_address\">Rimini, Italy, <\/span><span class=\"tp_pub_additional_year\">2020<\/span>.<\/p><p class=\"tp_pub_menu\"><span class=\"tp_resource_link\"><a id=\"tp_links_sh_373\" class=\"tp_show\" onclick=\"teachpress_pub_showhide('373','tp_links')\" title=\"Mostrar enlaces y recursos\" style=\"cursor:pointer;\">Enlaces<\/a><\/span> | <span class=\"tp_bibtex_link\"><a id=\"tp_bibtex_sh_373\" class=\"tp_show\" onclick=\"teachpress_pub_showhide('373','tp_bibtex')\" title=\"Mostrar entrada BibTeX \" style=\"cursor:pointer;\">BibTeX<\/a><\/span><\/p><div class=\"tp_bibtex\" id=\"tp_bibtex_373\" style=\"display:none;\"><div class=\"tp_bibtex_entry\"><pre>@conference{conf_armanac_20,<br \/>\r\ntitle = {Baroreflex Sensitivity Evolution before Weaning From Mechanical Ventilation},<br \/>\r\nauthor = {P Arma\u00f1ac and D Hernando and J L\u00e1zaro and C Haro and R Magrans and L Sarlabous and J L\u00f3pez-Aguilar and P Laguna and E Gil and L Blanch and R Bail\u00f3n},<br \/>\r\nurl = {https:\/\/drive.google.com\/file\/d\/1WYQNenwRCqjcDb2j80GjgW-1AZhAbOp7\/view},<br \/>\r\nyear  = {2020},<br \/>\r\ndate = {2020-01-01},<br \/>\r\nbooktitle = {Proceedings of the XLVII International Conference on Computing in Cardiology},<br \/>\r\naddress = {Rimini, Italy},<br \/>\r\nkeywords = {},<br \/>\r\npubstate = {published},<br \/>\r\ntppubtype = {conference}<br \/>\r\n}<br \/>\r\n<\/pre><\/div><p class=\"tp_close_menu\"><a class=\"tp_close\" onclick=\"teachpress_pub_showhide('373','tp_bibtex')\">Cerrar<\/a><\/p><\/div><div class=\"tp_links\" id=\"tp_links_373\" style=\"display:none;\"><div class=\"tp_links_entry\"><ul class=\"tp_pub_list\"><li><i class=\"fas fa-globe\"><\/i><a class=\"tp_pub_list\" href=\"https:\/\/drive.google.com\/file\/d\/1WYQNenwRCqjcDb2j80GjgW-1AZhAbOp7\/view\" title=\"https:\/\/drive.google.com\/file\/d\/1WYQNenwRCqjcDb2j80GjgW-1AZhAbOp7\/view\" target=\"_blank\">https:\/\/drive.google.com\/file\/d\/1WYQNenwRCqjcDb2j80GjgW-1AZhAbOp7\/view<\/a><\/li><\/ul><\/div><p class=\"tp_close_menu\"><a class=\"tp_close\" onclick=\"teachpress_pub_showhide('373','tp_links')\">Cerrar<\/a><\/p><\/div><\/div><\/div><h3 class=\"tp_h3\" id=\"tp_h3_2019\">2019<\/h3><h3 class=\"tp_h3\" id=\"tp_h3_conference\">Conferencias<\/h3><div class=\"tp_publication tp_publication_conference\"><div class=\"tp_pub_info\"><p class=\"tp_pub_author\"> Arma\u00f1ac, P;  Kontaxis, S;  L\u00e1zaro, J;  Laguna, P;  Bail\u00f3n, R;  Gil, E<\/p><p class=\"tp_pub_title\"><a class=\"tp_title_link\" onclick=\"teachpress_pub_showhide('397','tp_links')\" style=\"cursor:pointer;\">Cardiovascular Changes Induced by Acute Emotional Stress Estimated from the Pulse Transit Time Difference<\/a> <span class=\"tp_pub_type tp_  conference\">Conferencia<\/span> <\/p><p class=\"tp_pub_additional\"><span class=\"tp_pub_additional_booktitle\">Proceedings of the XLVI International Conference on Computing in Cardiology, <\/span><span class=\"tp_pub_additional_address\">Singapore, <\/span><span class=\"tp_pub_additional_year\">2019<\/span>.<\/p><p class=\"tp_pub_menu\"><span class=\"tp_resource_link\"><a id=\"tp_links_sh_397\" class=\"tp_show\" onclick=\"teachpress_pub_showhide('397','tp_links')\" title=\"Mostrar enlaces y recursos\" style=\"cursor:pointer;\">Enlaces<\/a><\/span> | <span class=\"tp_bibtex_link\"><a id=\"tp_bibtex_sh_397\" class=\"tp_show\" onclick=\"teachpress_pub_showhide('397','tp_bibtex')\" title=\"Mostrar entrada BibTeX \" style=\"cursor:pointer;\">BibTeX<\/a><\/span><\/p><div class=\"tp_bibtex\" id=\"tp_bibtex_397\" style=\"display:none;\"><div class=\"tp_bibtex_entry\"><pre>@conference{Armanac_conf2019,<br \/>\r\ntitle = {Cardiovascular Changes Induced by Acute Emotional Stress Estimated from the Pulse Transit Time Difference},<br \/>\r\nauthor = {P Arma\u00f1ac and S Kontaxis and J L\u00e1zaro and P Laguna and R Bail\u00f3n and E Gil},<br \/>\r\nurl = {https:\/\/drive.google.com\/file\/d\/1q9eWzGMg3z__bpps0lLZd_CGJl1GDMEU\/view},<br \/>\r\nyear  = {2019},<br \/>\r\ndate = {2019-01-01},<br \/>\r\nbooktitle = {Proceedings of the XLVI International Conference on Computing in Cardiology},<br \/>\r\naddress = {Singapore},<br \/>\r\nkeywords = {},<br \/>\r\npubstate = {published},<br \/>\r\ntppubtype = {conference}<br \/>\r\n}<br \/>\r\n<\/pre><\/div><p class=\"tp_close_menu\"><a class=\"tp_close\" onclick=\"teachpress_pub_showhide('397','tp_bibtex')\">Cerrar<\/a><\/p><\/div><div class=\"tp_links\" id=\"tp_links_397\" style=\"display:none;\"><div class=\"tp_links_entry\"><ul class=\"tp_pub_list\"><li><i class=\"fas fa-globe\"><\/i><a class=\"tp_pub_list\" href=\"https:\/\/drive.google.com\/file\/d\/1q9eWzGMg3z__bpps0lLZd_CGJl1GDMEU\/view\" title=\"https:\/\/drive.google.com\/file\/d\/1q9eWzGMg3z__bpps0lLZd_CGJl1GDMEU\/view\" target=\"_blank\">https:\/\/drive.google.com\/file\/d\/1q9eWzGMg3z__bpps0lLZd_CGJl1GDMEU\/view<\/a><\/li><\/ul><\/div><p class=\"tp_close_menu\"><a class=\"tp_close\" onclick=\"teachpress_pub_showhide('397','tp_links')\">Cerrar<\/a><\/p><\/div><\/div><\/div><h3 class=\"tp_h3\" id=\"tp_h3_2018\">2018<\/h3><h3 class=\"tp_h3\" id=\"tp_h3_conference\">Conferencias<\/h3><div class=\"tp_publication tp_publication_conference\"><div class=\"tp_pub_info\"><p class=\"tp_pub_author\"> Arma\u00f1ac, P;  Kontaxis, S;  L\u00e1zaro, J;  Laguna, P;  Bail\u00f3n, R;  Gil, E<\/p><p class=\"tp_pub_title\"><a class=\"tp_title_link\" onclick=\"teachpress_pub_showhide('497','tp_links')\" style=\"cursor:pointer;\">Cambios en la Diferencia del Tiempo de Tr\u00e1nsito del Pulso Sangu\u00edneo en Estados de Estr\u00e9s Emocional Agudo<\/a> <span class=\"tp_pub_type tp_  conference\">Conferencia<\/span> <\/p><p class=\"tp_pub_additional\"><span class=\"tp_pub_additional_booktitle\">XXXVI Congreso Anual de la Sociedad Espa\u00f1ola de Ingenier\u00ed\u0131a Biom\u00e9dica, <\/span><span class=\"tp_pub_additional_address\">Ciudad Real, Espa\u00f1a, <\/span><span class=\"tp_pub_additional_year\">2018<\/span>.<\/p><p class=\"tp_pub_menu\"><span class=\"tp_resource_link\"><a id=\"tp_links_sh_497\" class=\"tp_show\" onclick=\"teachpress_pub_showhide('497','tp_links')\" title=\"Mostrar enlaces y recursos\" style=\"cursor:pointer;\">Enlaces<\/a><\/span> | <span class=\"tp_bibtex_link\"><a id=\"tp_bibtex_sh_497\" class=\"tp_show\" onclick=\"teachpress_pub_showhide('497','tp_bibtex')\" title=\"Mostrar entrada BibTeX \" style=\"cursor:pointer;\">BibTeX<\/a><\/span><\/p><div class=\"tp_bibtex\" id=\"tp_bibtex_497\" style=\"display:none;\"><div class=\"tp_bibtex_entry\"><pre>@conference{Armanac_conf2018,<br \/>\r\ntitle = {Cambios en la Diferencia del Tiempo de Tr\u00e1nsito del Pulso Sangu\u00edneo en Estados de Estr\u00e9s Emocional Agudo},<br \/>\r\nauthor = {P Arma\u00f1ac and S Kontaxis and J L\u00e1zaro and P Laguna and R Bail\u00f3n and E Gil},<br \/>\r\nurl = {https:\/\/drive.google.com\/file\/d\/1R750lUtCghaU6MlN6fAlmZUzCfX3Yymd\/view},<br \/>\r\nyear  = {2018},<br \/>\r\ndate = {2018-01-01},<br \/>\r\nbooktitle = {XXXVI Congreso Anual de la Sociedad Espa\u00f1ola de Ingenier\u00ed\u0131a Biom\u00e9dica},<br \/>\r\npages = {125-128},<br \/>\r\naddress = {Ciudad Real, Espa\u00f1a},<br \/>\r\nkeywords = {},<br \/>\r\npubstate = {published},<br \/>\r\ntppubtype = {conference}<br \/>\r\n}<br \/>\r\n<\/pre><\/div><p class=\"tp_close_menu\"><a class=\"tp_close\" onclick=\"teachpress_pub_showhide('497','tp_bibtex')\">Cerrar<\/a><\/p><\/div><div class=\"tp_links\" id=\"tp_links_497\" style=\"display:none;\"><div class=\"tp_links_entry\"><ul class=\"tp_pub_list\"><li><i class=\"fas fa-globe\"><\/i><a class=\"tp_pub_list\" href=\"https:\/\/drive.google.com\/file\/d\/1R750lUtCghaU6MlN6fAlmZUzCfX3Yymd\/view\" title=\"https:\/\/drive.google.com\/file\/d\/1R750lUtCghaU6MlN6fAlmZUzCfX3Yymd\/view\" target=\"_blank\">https:\/\/drive.google.com\/file\/d\/1R750lUtCghaU6MlN6fAlmZUzCfX3Yymd\/view<\/a><\/li><\/ul><\/div><p class=\"tp_close_menu\"><a class=\"tp_close\" onclick=\"teachpress_pub_showhide('497','tp_links')\">Cerrar<\/a><\/p><\/div><\/div><\/div><\/div><\/div>\n<\/div>\n<\/div><\/div><\/div><\/div><\/div><\/div>\n\n\n<p><\/p>\n","protected":false},"excerpt":{"rendered":"","protected":false},"author":1,"featured_media":3309,"comment_status":"closed","ping_status":"closed","sticky":false,"template":"","format":"standard","meta":{"footnotes":""},"categories":[240,239],"tags":[],"class_list":["post-5273","post","type-post","status-publish","format-standard","has-post-thumbnail","hentry","category-faculty-members","category-team"],"_links":{"self":[{"href":"https:\/\/bsicos.i3a.es\/es\/wp-json\/wp\/v2\/posts\/5273","targetHints":{"allow":["GET"]}}],"collection":[{"href":"https:\/\/bsicos.i3a.es\/es\/wp-json\/wp\/v2\/posts"}],"about":[{"href":"https:\/\/bsicos.i3a.es\/es\/wp-json\/wp\/v2\/types\/post"}],"author":[{"embeddable":true,"href":"https:\/\/bsicos.i3a.es\/es\/wp-json\/wp\/v2\/users\/1"}],"replies":[{"embeddable":true,"href":"https:\/\/bsicos.i3a.es\/es\/wp-json\/wp\/v2\/comments?post=5273"}],"version-history":[{"count":7,"href":"https:\/\/bsicos.i3a.es\/es\/wp-json\/wp\/v2\/posts\/5273\/revisions"}],"predecessor-version":[{"id":6794,"href":"https:\/\/bsicos.i3a.es\/es\/wp-json\/wp\/v2\/posts\/5273\/revisions\/6794"}],"wp:featuredmedia":[{"embeddable":true,"href":"https:\/\/bsicos.i3a.es\/es\/wp-json\/wp\/v2\/media\/3309"}],"wp:attachment":[{"href":"https:\/\/bsicos.i3a.es\/es\/wp-json\/wp\/v2\/media?parent=5273"}],"wp:term":[{"taxonomy":"category","embeddable":true,"href":"https:\/\/bsicos.i3a.es\/es\/wp-json\/wp\/v2\/categories?post=5273"},{"taxonomy":"post_tag","embeddable":true,"href":"https:\/\/bsicos.i3a.es\/es\/wp-json\/wp\/v2\/tags?post=5273"}],"curies":[{"name":"wp","href":"https:\/\/api.w.org\/{rel}","templated":true}]}}